{"id":10001,"date":"2021-04-15T17:27:15","date_gmt":"2021-04-15T21:27:15","guid":{"rendered":"https:\/\/www.pedroandretta.info\/index\/?p=10001"},"modified":"2021-04-15T17:27:15","modified_gmt":"2021-04-15T21:27:15","slug":"em-livro-alessandra-devulsky-revela-como-o-colorismo-atua-como-um-braco-do-ra","status":"publish","type":"post","link":"https:\/\/www.pedroandretta.info\/index\/2021\/04\/em-livro-alessandra-devulsky-revela-como-o-colorismo-atua-como-um-braco-do-ra\/","title":{"rendered":"Em livro, Alessandra Devulsky revela como o #colorismo atua como um bra\u00e7o do #ra&#8230;"},"content":{"rendered":"<p>[ad_1]<br \/>\n<img data-recalc-dims=\"1\" decoding=\"async\" src=\"https:\/\/i0.wp.com\/www.pedroandretta.info\/index\/wp-content\/uploads\/2021\/04\/Em-livro-Alessandra-Devulsky-revela-como-o-colorismo-atua-como.jpg?w=696&#038;ssl=1\"\/><\/p>\n<blockquote class=\"twitter-tweet\">\n<p lang=\"pt\" dir=\"ltr\">Em livro, Alessandra Devulsky revela como o <a target=\"_blank\" href=\"https:\/\/twitter.com\/hashtag\/colorismo?src=hash&amp;ref_src=twsrc%5Etfw\" rel=\"noopener\">#colorismo<\/a> atua como um bra\u00e7o do <a target=\"_blank\" href=\"https:\/\/twitter.com\/hashtag\/racismo?src=hash&amp;ref_src=twsrc%5Etfw\" rel=\"noopener\">#racismo<\/a> para hierarquizar e segregar pessoas negras l A obra foi a nona publica\u00e7\u00e3o da Cole\u00e7\u00e3o Femininos Plurais, coordenada por Djamila Ribeiro. <a target=\"_blank\" href=\"https:\/\/twitter.com\/hashtag\/Entrevista?src=hash&amp;ref_src=twsrc%5Etfw\" rel=\"noopener\">#Entrevista<\/a> via G\u00eanero e N\u00famero <a target=\"_blank\" href=\"https:\/\/t.co\/r1rTxD1ypg\" rel=\"noopener\">https:\/\/t.co\/r1rTxD1ypg<\/a><\/p>\n<p>&mdash; Pedro Andretta (@pedroisandretta) <a target=\"_blank\" href=\"https:\/\/twitter.com\/pedroisandretta\/status\/1382807756164448256?ref_src=twsrc%5Etfw\" rel=\"noopener\">April 15, 2021<\/a><\/p><\/blockquote>\n<p><script async src=\"https:\/\/platform.twitter.com\/widgets.js\" charset=\"utf-8\"><\/script><\/p>\n<p>[ad_2]<br \/>\n<br \/><a href=\"https:\/\/twitter.com\/pedroisandretta\/statuses\/1382807756164448256\">Fonte<\/a> : Projeto <a href=\"https:\/\/www.pedroandretta.info\/informeci\">Informe-CI<\/a><\/p>\n","protected":false},"excerpt":{"rendered":"<p>[ad_1] Em livro, Alessandra Devulsky revela como o #colorismo atua como um bra\u00e7o do #racismo para hierarquizar e segregar pessoas negras l A obra foi a nona publica\u00e7\u00e3o da Cole\u00e7\u00e3o Femininos Plurais, coordenada por Djamila Ribeiro. #Entrevista via G\u00eanero e N\u00famero https:\/\/t.co\/r1rTxD1ypg &mdash; Pedro Andretta (@pedroisandretta) April 15, 2021 [ad_2] Fonte : Projeto Informe-CI<\/p>\n","protected":false},"author":1,"featured_media":0,"comment_status":"open","ping_status":"open","sticky":false,"template":"","format":"standard","meta":{"_jetpack_memberships_contains_paid_content":false,"footnotes":"","jetpack_publicize_message":"","jetpack_publicize_feature_enabled":true,"jetpack_social_post_already_shared":false,"jetpack_social_options":{"image_generator_settings":{"template":"highway","default_image_id":0,"font":"","enabled":false},"version":2}},"categories":[21],"tags":[],"class_list":["post-10001","post","type-post","status-publish","format-standard","hentry","category-informeci"],"jetpack_publicize_connections":[],"jetpack_featured_media_url":"","views":"","jetpack_sharing_enabled":true,"_links":{"self":[{"href":"https:\/\/www.pedroandretta.info\/index\/wp-json\/wp\/v2\/posts\/10001","targetHints":{"allow":["GET"]}}],"collection":[{"href":"https:\/\/www.pedroandretta.info\/index\/wp-json\/wp\/v2\/posts"}],"about":[{"href":"https:\/\/www.pedroandretta.info\/index\/wp-json\/wp\/v2\/types\/post"}],"author":[{"embeddable":true,"href":"https:\/\/www.pedroandretta.info\/index\/wp-json\/wp\/v2\/users\/1"}],"replies":[{"embeddable":true,"href":"https:\/\/www.pedroandretta.info\/index\/wp-json\/wp\/v2\/comments?post=10001"}],"version-history":[{"count":0,"href":"https:\/\/www.pedroandretta.info\/index\/wp-json\/wp\/v2\/posts\/10001\/revisions"}],"wp:attachment":[{"href":"https:\/\/www.pedroandretta.info\/index\/wp-json\/wp\/v2\/media?parent=10001"}],"wp:term":[{"taxonomy":"category","embeddable":true,"href":"https:\/\/www.pedroandretta.info\/index\/wp-json\/wp\/v2\/categories?post=10001"},{"taxonomy":"post_tag","embeddable":true,"href":"https:\/\/www.pedroandretta.info\/index\/wp-json\/wp\/v2\/tags?post=10001"}],"curies":[{"name":"wp","href":"https:\/\/api.w.org\/{rel}","templated":true}]}}