{"id":10006,"date":"2021-04-15T17:14:35","date_gmt":"2021-04-15T21:14:35","guid":{"rendered":"https:\/\/www.pedroandretta.info\/index\/?p=10006"},"modified":"2021-04-15T17:14:35","modified_gmt":"2021-04-15T21:14:35","slug":"padrao-espaco-temporal-da-disseminacao-da-covid19-no-brasil-o-fracasso-em-evi","status":"publish","type":"post","link":"https:\/\/www.pedroandretta.info\/index\/2021\/04\/padrao-espaco-temporal-da-disseminacao-da-covid19-no-brasil-o-fracasso-em-evi\/","title":{"rendered":"Padr\u00e3o espa\u00e7o temporal da dissemina\u00e7\u00e3o da #Covid19 no Brasil |\u201cO fracasso em evi&#8230;"},"content":{"rendered":"<p>[ad_1]<br \/>\n<img data-recalc-dims=\"1\" decoding=\"async\" src=\"https:\/\/i0.wp.com\/www.pedroandretta.info\/index\/wp-content\/uploads\/2021\/04\/Padrao-espaco-temporal-da-disseminacao-da-Covid19-no-Brasil-O.jpg?w=696&#038;ssl=1\"\/><\/p>\n<blockquote class=\"twitter-tweet\">\n<p lang=\"pt\" dir=\"ltr\">Padr\u00e3o espa\u00e7o temporal da dissemina\u00e7\u00e3o da <a target=\"_blank\" href=\"https:\/\/twitter.com\/hashtag\/Covid19?src=hash&amp;ref_src=twsrc%5Etfw\" rel=\"noopener\">#Covid19<\/a> no Brasil |\u201cO fracasso em evitar a nova propaga\u00e7\u00e3o facilitar\u00e1 o surgimento de variantes, isolar\u00e1 o <a target=\"_blank\" href=\"https:\/\/twitter.com\/hashtag\/Brasil?src=hash&amp;ref_src=twsrc%5Etfw\" rel=\"noopener\">#Brasil<\/a> como uma amea\u00e7a \u00e0 seguran\u00e7a da sa\u00fade global e levar\u00e1 a uma crise [&#8230;] evit\u00e1vel.\u201d \ud83c\uddfa\ud83c\uddf8 via Science <a target=\"_blank\" href=\"https:\/\/t.co\/PDKPt5Mxar\" rel=\"noopener\">https:\/\/t.co\/PDKPt5Mxar<\/a><\/p>\n<p>&mdash; Pedro Andretta (@pedroisandretta) <a target=\"_blank\" href=\"https:\/\/twitter.com\/pedroisandretta\/status\/1382804569793703942?ref_src=twsrc%5Etfw\" rel=\"noopener\">April 15, 2021<\/a><\/p><\/blockquote>\n<p><script async src=\"https:\/\/platform.twitter.com\/widgets.js\" charset=\"utf-8\"><\/script><\/p>\n<p>[ad_2]<br \/>\n<br \/><a href=\"https:\/\/twitter.com\/pedroisandretta\/statuses\/1382804569793703942\">Fonte<\/a> : Projeto <a href=\"https:\/\/www.pedroandretta.info\/informeci\">Informe-CI<\/a><\/p>\n","protected":false},"excerpt":{"rendered":"<p>[ad_1] Padr\u00e3o espa\u00e7o temporal da dissemina\u00e7\u00e3o da #Covid19 no Brasil |\u201cO fracasso em evitar a nova propaga\u00e7\u00e3o facilitar\u00e1 o surgimento de variantes, isolar\u00e1 o #Brasil como uma amea\u00e7a \u00e0 seguran\u00e7a da sa\u00fade global e levar\u00e1 a uma crise [&#8230;] evit\u00e1vel.\u201d \ud83c\uddfa\ud83c\uddf8 via Science https:\/\/t.co\/PDKPt5Mxar &mdash; Pedro Andretta (@pedroisandretta) April 15, 2021 [ad_2] Fonte : Projeto<\/p><\/div>\n<div class=\"blog-btn\"><a href=\"https:\/\/www.pedroandretta.info\/index\/2021\/04\/padrao-espaco-temporal-da-disseminacao-da-covid19-no-brasil-o-fracasso-em-evi\/\" class=\"home-blog-btn\">Ler mais<\/a><\/p>\n","protected":false},"author":1,"featured_media":10007,"comment_status":"open","ping_status":"open","sticky":false,"template":"","format":"standard","meta":{"_jetpack_memberships_contains_paid_content":false,"footnotes":"","jetpack_publicize_message":"","jetpack_publicize_feature_enabled":true,"jetpack_social_post_already_shared":true,"jetpack_social_options":{"image_generator_settings":{"template":"highway","default_image_id":0,"font":"","enabled":false},"version":2}},"categories":[21],"tags":[135,618],"class_list":["post-10006","post","type-post","status-publish","format-standard","has-post-thumbnail","hentry","category-informeci","tag-brasil","tag-covid19"],"jetpack_publicize_connections":[],"jetpack_featured_media_url":"https:\/\/i0.wp.com\/www.pedroandretta.info\/index\/wp-content\/uploads\/2021\/04\/Padrao-espaco-temporal-da-disseminacao-da-Covid19-no-Brasil-O.jpg?fit=1280%2C1093&ssl=1","views":"","jetpack_sharing_enabled":true,"_links":{"self":[{"href":"https:\/\/www.pedroandretta.info\/index\/wp-json\/wp\/v2\/posts\/10006","targetHints":{"allow":["GET"]}}],"collection":[{"href":"https:\/\/www.pedroandretta.info\/index\/wp-json\/wp\/v2\/posts"}],"about":[{"href":"https:\/\/www.pedroandretta.info\/index\/wp-json\/wp\/v2\/types\/post"}],"author":[{"embeddable":true,"href":"https:\/\/www.pedroandretta.info\/index\/wp-json\/wp\/v2\/users\/1"}],"replies":[{"embeddable":true,"href":"https:\/\/www.pedroandretta.info\/index\/wp-json\/wp\/v2\/comments?post=10006"}],"version-history":[{"count":0,"href":"https:\/\/www.pedroandretta.info\/index\/wp-json\/wp\/v2\/posts\/10006\/revisions"}],"wp:featuredmedia":[{"embeddable":true,"href":"https:\/\/www.pedroandretta.info\/index\/wp-json\/wp\/v2\/media\/10007"}],"wp:attachment":[{"href":"https:\/\/www.pedroandretta.info\/index\/wp-json\/wp\/v2\/media?parent=10006"}],"wp:term":[{"taxonomy":"category","embeddable":true,"href":"https:\/\/www.pedroandretta.info\/index\/wp-json\/wp\/v2\/categories?post=10006"},{"taxonomy":"post_tag","embeddable":true,"href":"https:\/\/www.pedroandretta.info\/index\/wp-json\/wp\/v2\/tags?post=10006"}],"curies":[{"name":"wp","href":"https:\/\/api.w.org\/{rel}","templated":true}]}}