{"id":10008,"date":"2021-04-15T23:35:57","date_gmt":"2021-04-16T03:35:57","guid":{"rendered":"https:\/\/www.pedroandretta.info\/index\/?p=10008"},"modified":"2021-04-15T23:35:57","modified_gmt":"2021-04-16T03:35:57","slug":"quer-saber-se-e-verdade-l-na-condicao-de-bibliotecarios-buscamos-a-fonte-de","status":"publish","type":"post","link":"https:\/\/www.pedroandretta.info\/index\/2021\/04\/quer-saber-se-e-verdade-l-na-condicao-de-bibliotecarios-buscamos-a-fonte-de\/","title":{"rendered":"Quer saber se \u00e9 verdade l \u201cNa condi\u00e7\u00e3o de #bibliotec\u00e1rios , buscamos a fonte de &#8230;"},"content":{"rendered":"<p>[ad_1]<\/p>\n<blockquote class=\"twitter-tweet\">\n<p lang=\"pt\" dir=\"ltr\">Quer saber se \u00e9 verdade l \u201cNa condi\u00e7\u00e3o de <a target=\"_blank\" href=\"https:\/\/twitter.com\/hashtag\/bibliotec%C3%A1rios?src=hash&amp;ref_src=twsrc%5Etfw\" rel=\"noopener\">#bibliotec\u00e1rios<\/a> , buscamos a fonte de toda e qualquer informa\u00e7\u00e3o. Portanto, \u00e9 inadmiss\u00edvel que possamos compactuar com falsas not\u00edcias, mat\u00e9rias sem fonte ou com \u2018meias verdades\u2019 [&#8230;]\u201d  <a target=\"_blank\" href=\"https:\/\/twitter.com\/hashtag\/Desinforma%C3%A7%C3%A3o?src=hash&amp;ref_src=twsrc%5Etfw\" rel=\"noopener\">#Desinforma\u00e7\u00e3o<\/a> via FEBAB <a target=\"_blank\" href=\"https:\/\/t.co\/WGILjGbjDO\" rel=\"noopener\">https:\/\/t.co\/WGILjGbjDO<\/a><\/p>\n<p>&mdash; Pedro Andretta (@pedroisandretta) <a target=\"_blank\" href=\"https:\/\/twitter.com\/pedroisandretta\/status\/1382900544889577474?ref_src=twsrc%5Etfw\" rel=\"noopener\">April 16, 2021<\/a><\/p><\/blockquote>\n<p><script async src=\"https:\/\/platform.twitter.com\/widgets.js\" charset=\"utf-8\"><\/script><\/p>\n<p>[ad_2]<br \/>\n<br \/><a href=\"https:\/\/twitter.com\/pedroisandretta\/statuses\/1382900544889577474\">Fonte<\/a> : Projeto <a href=\"https:\/\/www.pedroandretta.info\/informeci\">Informe-CI<\/a><\/p>\n","protected":false},"excerpt":{"rendered":"<p>[ad_1] Quer saber se \u00e9 verdade l \u201cNa condi\u00e7\u00e3o de #bibliotec\u00e1rios , buscamos a fonte de toda e qualquer informa\u00e7\u00e3o. Portanto, \u00e9 inadmiss\u00edvel que possamos compactuar com falsas not\u00edcias, mat\u00e9rias sem fonte ou com \u2018meias verdades\u2019 [&#8230;]\u201d #Desinforma\u00e7\u00e3o via FEBAB https:\/\/t.co\/WGILjGbjDO &mdash; Pedro Andretta (@pedroisandretta) April 16, 2021 [ad_2] Fonte : Projeto Informe-CI<\/p>\n","protected":false},"author":1,"featured_media":0,"comment_status":"open","ping_status":"open","sticky":false,"template":"","format":"standard","meta":{"_jetpack_memberships_contains_paid_content":false,"footnotes":"","jetpack_publicize_message":"","jetpack_publicize_feature_enabled":true,"jetpack_social_post_already_shared":true,"jetpack_social_options":{"image_generator_settings":{"template":"highway","default_image_id":0,"font":"","enabled":false},"version":2}},"categories":[21],"tags":[22,142],"class_list":["post-10008","post","type-post","status-publish","format-standard","hentry","category-informeci","tag-bibliotecarios","tag-desinformacao"],"jetpack_publicize_connections":[],"jetpack_featured_media_url":"","views":"","jetpack_sharing_enabled":true,"_links":{"self":[{"href":"https:\/\/www.pedroandretta.info\/index\/wp-json\/wp\/v2\/posts\/10008","targetHints":{"allow":["GET"]}}],"collection":[{"href":"https:\/\/www.pedroandretta.info\/index\/wp-json\/wp\/v2\/posts"}],"about":[{"href":"https:\/\/www.pedroandretta.info\/index\/wp-json\/wp\/v2\/types\/post"}],"author":[{"embeddable":true,"href":"https:\/\/www.pedroandretta.info\/index\/wp-json\/wp\/v2\/users\/1"}],"replies":[{"embeddable":true,"href":"https:\/\/www.pedroandretta.info\/index\/wp-json\/wp\/v2\/comments?post=10008"}],"version-history":[{"count":0,"href":"https:\/\/www.pedroandretta.info\/index\/wp-json\/wp\/v2\/posts\/10008\/revisions"}],"wp:attachment":[{"href":"https:\/\/www.pedroandretta.info\/index\/wp-json\/wp\/v2\/media?parent=10008"}],"wp:term":[{"taxonomy":"category","embeddable":true,"href":"https:\/\/www.pedroandretta.info\/index\/wp-json\/wp\/v2\/categories?post=10008"},{"taxonomy":"post_tag","embeddable":true,"href":"https:\/\/www.pedroandretta.info\/index\/wp-json\/wp\/v2\/tags?post=10008"}],"curies":[{"name":"wp","href":"https:\/\/api.w.org\/{rel}","templated":true}]}}