{"id":10019,"date":"2021-04-16T15:51:57","date_gmt":"2021-04-16T19:51:57","guid":{"rendered":"https:\/\/www.pedroandretta.info\/index\/?p=10019"},"modified":"2021-04-16T15:51:57","modified_gmt":"2021-04-16T19:51:57","slug":"inscricao-em-ceramica-de-35-mil-anos-revela-elo-perdido-de-alfabeto-l-o-acha","status":"publish","type":"post","link":"https:\/\/www.pedroandretta.info\/index\/2021\/04\/inscricao-em-ceramica-de-35-mil-anos-revela-elo-perdido-de-alfabeto-l-o-acha\/","title":{"rendered":"Inscri\u00e7\u00e3o em cer\u00e2mica de 3,5 mil anos revela &#8220;elo perdido&#8221; de alfabeto l \u201cO acha&#8230;"},"content":{"rendered":"<p>[ad_1]<\/p>\n<blockquote class=\"twitter-tweet\">\n<p lang=\"pt\" dir=\"ltr\">Inscri\u00e7\u00e3o em cer\u00e2mica de 3,5 mil anos revela &quot;elo perdido&quot; de alfabeto l \u201cO achado, publicado nesta quinta-feira, no jornal acad\u00eamico Antiquity, data da Idade do Bronze, e \u00e9 um \u201celo perdido\u201d na hist\u00f3ria da escrita alfab\u00e9tica\u201d <a target=\"_blank\" href=\"https:\/\/twitter.com\/hashtag\/Hist%C3%B3riaDaEscrita?src=hash&amp;ref_src=twsrc%5Etfw\" rel=\"noopener\">#Hist\u00f3riaDaEscrita<\/a> via Galileu <a target=\"_blank\" href=\"https:\/\/t.co\/5XT01VhuVf\" rel=\"noopener\">https:\/\/t.co\/5XT01VhuVf<\/a><\/p>\n<p>&mdash; Pedro Andretta (@pedroisandretta) <a target=\"_blank\" href=\"https:\/\/twitter.com\/pedroisandretta\/status\/1383146161616326657?ref_src=twsrc%5Etfw\" rel=\"noopener\">April 16, 2021<\/a><\/p><\/blockquote>\n<p><script async src=\"https:\/\/platform.twitter.com\/widgets.js\" charset=\"utf-8\"><\/script><\/p>\n<p>[ad_2]<br \/>\n<br \/><a href=\"https:\/\/twitter.com\/pedroisandretta\/statuses\/1383146161616326657\">Fonte<\/a> : Projeto <a href=\"https:\/\/www.pedroandretta.info\/informeci\">Informe-CI<\/a><\/p>\n","protected":false},"excerpt":{"rendered":"<p>[ad_1] Inscri\u00e7\u00e3o em cer\u00e2mica de 3,5 mil anos revela &quot;elo perdido&quot; de alfabeto l \u201cO achado, publicado nesta quinta-feira, no jornal acad\u00eamico Antiquity, data da Idade do Bronze, e \u00e9 um \u201celo perdido\u201d na hist\u00f3ria da escrita alfab\u00e9tica\u201d #Hist\u00f3riaDaEscrita via Galileu https:\/\/t.co\/5XT01VhuVf &mdash; Pedro Andretta (@pedroisandretta) April 16, 2021 [ad_2] Fonte : Projeto Informe-CI<\/p>\n","protected":false},"author":1,"featured_media":0,"comment_status":"open","ping_status":"open","sticky":false,"template":"","format":"standard","meta":{"_jetpack_memberships_contains_paid_content":false,"footnotes":"","jetpack_publicize_message":"","jetpack_publicize_feature_enabled":true,"jetpack_social_post_already_shared":true,"jetpack_social_options":{"image_generator_settings":{"template":"highway","default_image_id":0,"font":"","enabled":false},"version":2}},"categories":[21],"tags":[1619],"class_list":["post-10019","post","type-post","status-publish","format-standard","hentry","category-informeci","tag-historiadaescrita"],"jetpack_publicize_connections":[],"jetpack_featured_media_url":"","views":"","jetpack_sharing_enabled":true,"_links":{"self":[{"href":"https:\/\/www.pedroandretta.info\/index\/wp-json\/wp\/v2\/posts\/10019","targetHints":{"allow":["GET"]}}],"collection":[{"href":"https:\/\/www.pedroandretta.info\/index\/wp-json\/wp\/v2\/posts"}],"about":[{"href":"https:\/\/www.pedroandretta.info\/index\/wp-json\/wp\/v2\/types\/post"}],"author":[{"embeddable":true,"href":"https:\/\/www.pedroandretta.info\/index\/wp-json\/wp\/v2\/users\/1"}],"replies":[{"embeddable":true,"href":"https:\/\/www.pedroandretta.info\/index\/wp-json\/wp\/v2\/comments?post=10019"}],"version-history":[{"count":0,"href":"https:\/\/www.pedroandretta.info\/index\/wp-json\/wp\/v2\/posts\/10019\/revisions"}],"wp:attachment":[{"href":"https:\/\/www.pedroandretta.info\/index\/wp-json\/wp\/v2\/media?parent=10019"}],"wp:term":[{"taxonomy":"category","embeddable":true,"href":"https:\/\/www.pedroandretta.info\/index\/wp-json\/wp\/v2\/categories?post=10019"},{"taxonomy":"post_tag","embeddable":true,"href":"https:\/\/www.pedroandretta.info\/index\/wp-json\/wp\/v2\/tags?post=10019"}],"curies":[{"name":"wp","href":"https:\/\/api.w.org\/{rel}","templated":true}]}}