{"id":10048,"date":"2021-04-18T17:13:16","date_gmt":"2021-04-18T21:13:16","guid":{"rendered":"https:\/\/www.pedroandretta.info\/index\/?p=10048"},"modified":"2021-04-18T17:13:16","modified_gmt":"2021-04-18T21:13:16","slug":"cruesp-divulga-manifesto-sobre-mudancas-na-estrutura-da-capes-l-conselho-expre","status":"publish","type":"post","link":"https:\/\/www.pedroandretta.info\/index\/2021\/04\/cruesp-divulga-manifesto-sobre-mudancas-na-estrutura-da-capes-l-conselho-expre\/","title":{"rendered":"Cruesp divulga manifesto sobre mudan\u00e7as na estrutura da #Capes l \u201cConselho expre&#8230;"},"content":{"rendered":"<p>[ad_1]<br \/>\n<img data-recalc-dims=\"1\" decoding=\"async\" src=\"https:\/\/i0.wp.com\/www.pedroandretta.info\/index\/wp-content\/uploads\/2021\/04\/Cruesp-divulga-manifesto-sobre-mudancas-na-estrutura-da-Capes-l.jpg?w=696&#038;ssl=1\"\/><\/p>\n<blockquote class=\"twitter-tweet\">\n<p lang=\"pt\" dir=\"ltr\">Cruesp divulga manifesto sobre mudan\u00e7as na estrutura da <a target=\"_blank\" href=\"https:\/\/twitter.com\/hashtag\/Capes?src=hash&amp;ref_src=twsrc%5Etfw\" rel=\"noopener\">#Capes<\/a> l \u201cConselho expressa preocupa\u00e7\u00e3o sobre trocas de dirigente da Institui\u00e7\u00e3o e considera que esta fun\u00e7\u00e3o n\u00e3o pode estar subordinada \u00e0s diretivas de alinhamento pol\u00edtico\u201d via Jornal da USP <a target=\"_blank\" href=\"https:\/\/t.co\/nwvTDwo84x\" rel=\"noopener\">https:\/\/t.co\/nwvTDwo84x<\/a><\/p>\n<p>&mdash; Pedro Andretta (@pedroisandretta) <a target=\"_blank\" href=\"https:\/\/twitter.com\/pedroisandretta\/status\/1383891401604100103?ref_src=twsrc%5Etfw\" rel=\"noopener\">April 18, 2021<\/a><\/p><\/blockquote>\n<p><script async src=\"https:\/\/platform.twitter.com\/widgets.js\" charset=\"utf-8\"><\/script><\/p>\n<p>[ad_2]<br \/>\n<br \/><a href=\"https:\/\/twitter.com\/pedroisandretta\/statuses\/1383891401604100103\">Fonte<\/a> : Projeto <a href=\"https:\/\/www.pedroandretta.info\/informeci\">Informe-CI<\/a><\/p>\n","protected":false},"excerpt":{"rendered":"<p>[ad_1] Cruesp divulga manifesto sobre mudan\u00e7as na estrutura da #Capes l \u201cConselho expressa preocupa\u00e7\u00e3o sobre trocas de dirigente da Institui\u00e7\u00e3o e considera que esta fun\u00e7\u00e3o n\u00e3o pode estar subordinada \u00e0s diretivas de alinhamento pol\u00edtico\u201d via Jornal da USP https:\/\/t.co\/nwvTDwo84x &mdash; Pedro Andretta (@pedroisandretta) April 18, 2021 [ad_2] Fonte : Projeto Informe-CI<\/p>\n","protected":false},"author":1,"featured_media":10049,"comment_status":"open","ping_status":"open","sticky":false,"template":"","format":"standard","meta":{"_jetpack_memberships_contains_paid_content":false,"footnotes":"","jetpack_publicize_message":"","jetpack_publicize_feature_enabled":true,"jetpack_social_post_already_shared":true,"jetpack_social_options":{"image_generator_settings":{"template":"highway","default_image_id":0,"font":"","enabled":false},"version":2}},"categories":[21],"tags":[105],"class_list":["post-10048","post","type-post","status-publish","format-standard","has-post-thumbnail","hentry","category-informeci","tag-capes"],"jetpack_publicize_connections":[],"jetpack_featured_media_url":"https:\/\/i0.wp.com\/www.pedroandretta.info\/index\/wp-content\/uploads\/2021\/04\/Cruesp-divulga-manifesto-sobre-mudancas-na-estrutura-da-Capes-l.jpg?fit=800%2C420&ssl=1","views":"","jetpack_sharing_enabled":true,"_links":{"self":[{"href":"https:\/\/www.pedroandretta.info\/index\/wp-json\/wp\/v2\/posts\/10048","targetHints":{"allow":["GET"]}}],"collection":[{"href":"https:\/\/www.pedroandretta.info\/index\/wp-json\/wp\/v2\/posts"}],"about":[{"href":"https:\/\/www.pedroandretta.info\/index\/wp-json\/wp\/v2\/types\/post"}],"author":[{"embeddable":true,"href":"https:\/\/www.pedroandretta.info\/index\/wp-json\/wp\/v2\/users\/1"}],"replies":[{"embeddable":true,"href":"https:\/\/www.pedroandretta.info\/index\/wp-json\/wp\/v2\/comments?post=10048"}],"version-history":[{"count":0,"href":"https:\/\/www.pedroandretta.info\/index\/wp-json\/wp\/v2\/posts\/10048\/revisions"}],"wp:featuredmedia":[{"embeddable":true,"href":"https:\/\/www.pedroandretta.info\/index\/wp-json\/wp\/v2\/media\/10049"}],"wp:attachment":[{"href":"https:\/\/www.pedroandretta.info\/index\/wp-json\/wp\/v2\/media?parent=10048"}],"wp:term":[{"taxonomy":"category","embeddable":true,"href":"https:\/\/www.pedroandretta.info\/index\/wp-json\/wp\/v2\/categories?post=10048"},{"taxonomy":"post_tag","embeddable":true,"href":"https:\/\/www.pedroandretta.info\/index\/wp-json\/wp\/v2\/tags?post=10048"}],"curies":[{"name":"wp","href":"https:\/\/api.w.org\/{rel}","templated":true}]}}