{"id":10083,"date":"2021-04-21T18:26:59","date_gmt":"2021-04-21T22:26:59","guid":{"rendered":"https:\/\/www.pedroandretta.info\/index\/?p=10083"},"modified":"2021-04-21T18:26:59","modified_gmt":"2021-04-21T22:26:59","slug":"tendencias-da-edicao-universitaria-l-editorasuniversitarias-e-a-dobradica-que","status":"publish","type":"post","link":"https:\/\/www.pedroandretta.info\/index\/2021\/04\/tendencias-da-edicao-universitaria-l-editorasuniversitarias-e-a-dobradica-que\/","title":{"rendered":"Tend\u00eancias da edi\u00e7\u00e3o universit\u00e1ria l #EditorasUniversit\u00e1rias \u201c\u00c9 a dobradi\u00e7a que &#8230;"},"content":{"rendered":"<p>[ad_1]<\/p>\n<blockquote class=\"twitter-tweet\">\n<p lang=\"pt\" dir=\"ltr\">Tend\u00eancias da edi\u00e7\u00e3o universit\u00e1ria l <a target=\"_blank\" href=\"https:\/\/twitter.com\/hashtag\/EditorasUniversit%C3%A1rias?src=hash&amp;ref_src=twsrc%5Etfw\" rel=\"noopener\">#EditorasUniversit\u00e1rias<\/a> \u201c\u00c9 a dobradi\u00e7a que une o que est\u00e1 dentro e o que est\u00e1 fora. O editor \u00e9 um intermedi\u00e1rio e um promotor da ci\u00eancia e da cultura.\u201c <a target=\"_blank\" href=\"https:\/\/twitter.com\/hashtag\/Tend%C3%AAncias?src=hash&amp;ref_src=twsrc%5Etfw\" rel=\"noopener\">#Tend\u00eancias<\/a> via Asociaci\u00f3n EULAC <a target=\"_blank\" href=\"https:\/\/t.co\/rY1KQdcdKa\" rel=\"noopener\">https:\/\/t.co\/rY1KQdcdKa<\/a><\/p>\n<p>&mdash; Pedro Andretta (@pedroisandretta) <a target=\"_blank\" href=\"https:\/\/twitter.com\/pedroisandretta\/status\/1384997117597569029?ref_src=twsrc%5Etfw\" rel=\"noopener\">April 21, 2021<\/a><\/p><\/blockquote>\n<p><script async src=\"https:\/\/platform.twitter.com\/widgets.js\" charset=\"utf-8\"><\/script><\/p>\n<p>[ad_2]<br \/>\n<br \/><a href=\"https:\/\/twitter.com\/pedroisandretta\/statuses\/1384997117597569029\">Fonte<\/a> : Projeto <a href=\"https:\/\/www.pedroandretta.info\/informeci\">Informe-CI<\/a><\/p>\n","protected":false},"excerpt":{"rendered":"<p>[ad_1] Tend\u00eancias da edi\u00e7\u00e3o universit\u00e1ria l #EditorasUniversit\u00e1rias \u201c\u00c9 a dobradi\u00e7a que une o que est\u00e1 dentro e o que est\u00e1 fora. O editor \u00e9 um intermedi\u00e1rio e um promotor da ci\u00eancia e da cultura.\u201c #Tend\u00eancias via Asociaci\u00f3n EULAC https:\/\/t.co\/rY1KQdcdKa &mdash; Pedro Andretta (@pedroisandretta) April 21, 2021 [ad_2] Fonte : Projeto Informe-CI<\/p>\n","protected":false},"author":1,"featured_media":0,"comment_status":"open","ping_status":"open","sticky":false,"template":"","format":"standard","meta":{"_jetpack_memberships_contains_paid_content":false,"footnotes":"","jetpack_publicize_message":"","jetpack_publicize_feature_enabled":true,"jetpack_social_post_already_shared":true,"jetpack_social_options":{"image_generator_settings":{"template":"highway","default_image_id":0,"font":"","enabled":false},"version":2}},"categories":[21],"tags":[1302,707],"class_list":["post-10083","post","type-post","status-publish","format-standard","hentry","category-informeci","tag-editorasuniversitarias","tag-tendencias"],"jetpack_publicize_connections":[],"jetpack_featured_media_url":"","views":"","jetpack_sharing_enabled":true,"_links":{"self":[{"href":"https:\/\/www.pedroandretta.info\/index\/wp-json\/wp\/v2\/posts\/10083","targetHints":{"allow":["GET"]}}],"collection":[{"href":"https:\/\/www.pedroandretta.info\/index\/wp-json\/wp\/v2\/posts"}],"about":[{"href":"https:\/\/www.pedroandretta.info\/index\/wp-json\/wp\/v2\/types\/post"}],"author":[{"embeddable":true,"href":"https:\/\/www.pedroandretta.info\/index\/wp-json\/wp\/v2\/users\/1"}],"replies":[{"embeddable":true,"href":"https:\/\/www.pedroandretta.info\/index\/wp-json\/wp\/v2\/comments?post=10083"}],"version-history":[{"count":0,"href":"https:\/\/www.pedroandretta.info\/index\/wp-json\/wp\/v2\/posts\/10083\/revisions"}],"wp:attachment":[{"href":"https:\/\/www.pedroandretta.info\/index\/wp-json\/wp\/v2\/media?parent=10083"}],"wp:term":[{"taxonomy":"category","embeddable":true,"href":"https:\/\/www.pedroandretta.info\/index\/wp-json\/wp\/v2\/categories?post=10083"},{"taxonomy":"post_tag","embeddable":true,"href":"https:\/\/www.pedroandretta.info\/index\/wp-json\/wp\/v2\/tags?post=10083"}],"curies":[{"name":"wp","href":"https:\/\/api.w.org\/{rel}","templated":true}]}}