{"id":10084,"date":"2021-04-21T18:22:29","date_gmt":"2021-04-21T22:22:29","guid":{"rendered":"https:\/\/www.pedroandretta.info\/index\/?p=10084"},"modified":"2021-04-21T18:22:29","modified_gmt":"2021-04-21T22:22:29","slug":"comissao-europeia-propoe-novas-regras-e-acoes-para-a-inteligencia-artificial-lfi","status":"publish","type":"post","link":"https:\/\/www.pedroandretta.info\/index\/2021\/04\/comissao-europeia-propoe-novas-regras-e-acoes-para-a-inteligencia-artificial-lfi\/","title":{"rendered":"Comiss\u00e3o Europeia prop\u00f5e novas regras e a\u00e7\u00f5es para a intelig\u00eancia artificial lFi&#8230;"},"content":{"rendered":"<p>[ad_1]<br \/>\n<img data-recalc-dims=\"1\" decoding=\"async\" src=\"https:\/\/i0.wp.com\/www.pedroandretta.info\/index\/wp-content\/uploads\/2021\/04\/Comissao-Europeia-propoe-novas-regras-e-acoes-para-a-inteligencia.jpg?w=696&#038;ssl=1\"\/><\/p>\n<blockquote class=\"twitter-tweet\">\n<p lang=\"pt\" dir=\"ltr\">Comiss\u00e3o Europeia prop\u00f5e novas regras e a\u00e7\u00f5es para a intelig\u00eancia artificial lFica proibido <a target=\"_blank\" href=\"https:\/\/twitter.com\/hashtag\/IA?src=hash&amp;ref_src=twsrc%5Etfw\" rel=\"noopener\">#IA<\/a> que amea\u00e7am \u00e0 seguran\u00e7a, a subsist\u00eancia e direitos das pessoas; que manipulem o comportamento humano e possibilitem \u201dclassifica\u00e7\u00e3o social\u201d por governos. via CCA <a target=\"_blank\" href=\"https:\/\/t.co\/85OrFbV82I\" rel=\"noopener\">https:\/\/t.co\/85OrFbV82I<\/a><\/p>\n<p>&mdash; Pedro Andretta (@pedroisandretta) <a target=\"_blank\" href=\"https:\/\/twitter.com\/pedroisandretta\/status\/1384995983499612165?ref_src=twsrc%5Etfw\" rel=\"noopener\">April 21, 2021<\/a><\/p><\/blockquote>\n<p><script async src=\"https:\/\/platform.twitter.com\/widgets.js\" charset=\"utf-8\"><\/script><\/p>\n<p>[ad_2]<br \/>\n<br \/><a href=\"https:\/\/twitter.com\/pedroisandretta\/statuses\/1384995983499612165\">Fonte<\/a> : Projeto <a href=\"https:\/\/www.pedroandretta.info\/informeci\">Informe-CI<\/a><\/p>\n","protected":false},"excerpt":{"rendered":"<p>[ad_1] Comiss\u00e3o Europeia prop\u00f5e novas regras e a\u00e7\u00f5es para a intelig\u00eancia artificial lFica proibido #IA que amea\u00e7am \u00e0 seguran\u00e7a, a subsist\u00eancia e direitos das pessoas; que manipulem o comportamento humano e possibilitem \u201dclassifica\u00e7\u00e3o social\u201d por governos. via CCA https:\/\/t.co\/85OrFbV82I &mdash; Pedro Andretta (@pedroisandretta) April 21, 2021 [ad_2] Fonte : Projeto Informe-CI<\/p>\n","protected":false},"author":1,"featured_media":0,"comment_status":"open","ping_status":"open","sticky":false,"template":"","format":"standard","meta":{"_jetpack_memberships_contains_paid_content":false,"footnotes":"","jetpack_publicize_message":"","jetpack_publicize_feature_enabled":true,"jetpack_social_post_already_shared":false,"jetpack_social_options":{"image_generator_settings":{"template":"highway","default_image_id":0,"font":"","enabled":false},"version":2}},"categories":[21],"tags":[],"class_list":["post-10084","post","type-post","status-publish","format-standard","hentry","category-informeci"],"jetpack_publicize_connections":[],"jetpack_featured_media_url":"","views":"","jetpack_sharing_enabled":true,"_links":{"self":[{"href":"https:\/\/www.pedroandretta.info\/index\/wp-json\/wp\/v2\/posts\/10084","targetHints":{"allow":["GET"]}}],"collection":[{"href":"https:\/\/www.pedroandretta.info\/index\/wp-json\/wp\/v2\/posts"}],"about":[{"href":"https:\/\/www.pedroandretta.info\/index\/wp-json\/wp\/v2\/types\/post"}],"author":[{"embeddable":true,"href":"https:\/\/www.pedroandretta.info\/index\/wp-json\/wp\/v2\/users\/1"}],"replies":[{"embeddable":true,"href":"https:\/\/www.pedroandretta.info\/index\/wp-json\/wp\/v2\/comments?post=10084"}],"version-history":[{"count":0,"href":"https:\/\/www.pedroandretta.info\/index\/wp-json\/wp\/v2\/posts\/10084\/revisions"}],"wp:attachment":[{"href":"https:\/\/www.pedroandretta.info\/index\/wp-json\/wp\/v2\/media?parent=10084"}],"wp:term":[{"taxonomy":"category","embeddable":true,"href":"https:\/\/www.pedroandretta.info\/index\/wp-json\/wp\/v2\/categories?post=10084"},{"taxonomy":"post_tag","embeddable":true,"href":"https:\/\/www.pedroandretta.info\/index\/wp-json\/wp\/v2\/tags?post=10084"}],"curies":[{"name":"wp","href":"https:\/\/api.w.org\/{rel}","templated":true}]}}