{"id":10086,"date":"2021-04-21T23:14:24","date_gmt":"2021-04-22T03:14:24","guid":{"rendered":"https:\/\/www.pedroandretta.info\/index\/?p=10086"},"modified":"2021-04-21T23:14:24","modified_gmt":"2021-04-22T03:14:24","slug":"bibliotecas-escolares-sao-determinantes-na-promocao-da-literacia-mediatica-la-b","status":"publish","type":"post","link":"https:\/\/www.pedroandretta.info\/index\/2021\/04\/bibliotecas-escolares-sao-determinantes-na-promocao-da-literacia-mediatica-la-b\/","title":{"rendered":"Bibliotecas escolares s\u00e3o determinantes na promo\u00e7\u00e3o da literacia medi\u00e1tica l&#8221;A b&#8230;"},"content":{"rendered":"<p>[ad_1]<\/p>\n<blockquote class=\"twitter-tweet\">\n<p lang=\"pt\" dir=\"ltr\">Bibliotecas escolares s\u00e3o determinantes na promo\u00e7\u00e3o da literacia medi\u00e1tica l&quot;A biblioteca escolar \u00e9 o &#39;parceiro fundamental&#39; para levar os alunos a compreender a rela\u00e7\u00e3o dos media com o mundo.&quot; <a target=\"_blank\" href=\"https:\/\/twitter.com\/hashtag\/BibliotecasEscolares?src=hash&amp;ref_src=twsrc%5Etfw\" rel=\"noopener\">#BibliotecasEscolares<\/a> <a target=\"_blank\" href=\"https:\/\/twitter.com\/hashtag\/Educa%C3%A7%C3%A3oMidi%C3%A1tica?src=hash&amp;ref_src=twsrc%5Etfw\" rel=\"noopener\">#Educa\u00e7\u00e3oMidi\u00e1tica<\/a> <a target=\"_blank\" href=\"https:\/\/twitter.com\/hashtag\/Portugal?src=hash&amp;ref_src=twsrc%5Etfw\" rel=\"noopener\">#Portugal<\/a> via Educare <a target=\"_blank\" href=\"https:\/\/t.co\/9lg232fw3a\" rel=\"noopener\">https:\/\/t.co\/9lg232fw3a<\/a><\/p>\n<p>&mdash; Pedro Andretta (@pedroisandretta) <a target=\"_blank\" href=\"https:\/\/twitter.com\/pedroisandretta\/status\/1385069447635947522?ref_src=twsrc%5Etfw\" rel=\"noopener\">April 22, 2021<\/a><\/p><\/blockquote>\n<p><script async src=\"https:\/\/platform.twitter.com\/widgets.js\" charset=\"utf-8\"><\/script><\/p>\n<p>[ad_2]<br \/>\n<br \/><a href=\"https:\/\/twitter.com\/pedroisandretta\/statuses\/1385069447635947522\">Fonte<\/a> : Projeto <a href=\"https:\/\/www.pedroandretta.info\/informeci\">Informe-CI<\/a><\/p>\n","protected":false},"excerpt":{"rendered":"<p>[ad_1] Bibliotecas escolares s\u00e3o determinantes na promo\u00e7\u00e3o da literacia medi\u00e1tica l&quot;A biblioteca escolar \u00e9 o &#39;parceiro fundamental&#39; para levar os alunos a compreender a rela\u00e7\u00e3o dos media com o mundo.&quot; #BibliotecasEscolares #Educa\u00e7\u00e3oMidi\u00e1tica #Portugal via Educare https:\/\/t.co\/9lg232fw3a &mdash; Pedro Andretta (@pedroisandretta) April 22, 2021 [ad_2] Fonte : Projeto Informe-CI<\/p>\n","protected":false},"author":1,"featured_media":0,"comment_status":"open","ping_status":"open","sticky":false,"template":"","format":"standard","meta":{"_jetpack_memberships_contains_paid_content":false,"footnotes":"","jetpack_publicize_message":"","jetpack_publicize_feature_enabled":true,"jetpack_social_post_already_shared":true,"jetpack_social_options":{"image_generator_settings":{"template":"highway","default_image_id":0,"font":"","enabled":false},"version":2}},"categories":[21],"tags":[79,426,294],"class_list":["post-10086","post","type-post","status-publish","format-standard","hentry","category-informeci","tag-bibliotecasescolares","tag-educacaomidiatica","tag-portugal"],"jetpack_publicize_connections":[],"jetpack_featured_media_url":"","views":"","jetpack_sharing_enabled":true,"_links":{"self":[{"href":"https:\/\/www.pedroandretta.info\/index\/wp-json\/wp\/v2\/posts\/10086","targetHints":{"allow":["GET"]}}],"collection":[{"href":"https:\/\/www.pedroandretta.info\/index\/wp-json\/wp\/v2\/posts"}],"about":[{"href":"https:\/\/www.pedroandretta.info\/index\/wp-json\/wp\/v2\/types\/post"}],"author":[{"embeddable":true,"href":"https:\/\/www.pedroandretta.info\/index\/wp-json\/wp\/v2\/users\/1"}],"replies":[{"embeddable":true,"href":"https:\/\/www.pedroandretta.info\/index\/wp-json\/wp\/v2\/comments?post=10086"}],"version-history":[{"count":0,"href":"https:\/\/www.pedroandretta.info\/index\/wp-json\/wp\/v2\/posts\/10086\/revisions"}],"wp:attachment":[{"href":"https:\/\/www.pedroandretta.info\/index\/wp-json\/wp\/v2\/media?parent=10086"}],"wp:term":[{"taxonomy":"category","embeddable":true,"href":"https:\/\/www.pedroandretta.info\/index\/wp-json\/wp\/v2\/categories?post=10086"},{"taxonomy":"post_tag","embeddable":true,"href":"https:\/\/www.pedroandretta.info\/index\/wp-json\/wp\/v2\/tags?post=10086"}],"curies":[{"name":"wp","href":"https:\/\/api.w.org\/{rel}","templated":true}]}}