{"id":10104,"date":"2021-04-23T01:47:17","date_gmt":"2021-04-23T05:47:17","guid":{"rendered":"https:\/\/www.pedroandretta.info\/index\/?p=10104"},"modified":"2021-04-23T01:47:17","modified_gmt":"2021-04-23T05:47:17","slug":"comissao-de-educacao-da-camara-aprova-audiencia-publica-sobre-taxacao-de-livros","status":"publish","type":"post","link":"https:\/\/www.pedroandretta.info\/index\/2021\/04\/comissao-de-educacao-da-camara-aprova-audiencia-publica-sobre-taxacao-de-livros\/","title":{"rendered":"Comiss\u00e3o de Educa\u00e7\u00e3o da C\u00e2mara aprova audi\u00eancia p\u00fablica sobre taxa\u00e7\u00e3o de livros &#8230;"},"content":{"rendered":"<p>[ad_1]<\/p>\n<blockquote class=\"twitter-tweet\">\n<p lang=\"pt\" dir=\"ltr\">Comiss\u00e3o de Educa\u00e7\u00e3o da C\u00e2mara aprova audi\u00eancia p\u00fablica sobre taxa\u00e7\u00e3o de livros l \u201cRequerimento foi apresentado pela deputada Melchionna e pede que ministros da Cultura e da Cidadania e secret\u00e1rio da Receita Federal se expliquem\u201d <a target=\"_blank\" href=\"https:\/\/twitter.com\/hashtag\/DEFENDAOLIVRO?src=hash&amp;ref_src=twsrc%5Etfw\" rel=\"noopener\">#DEFENDAOLIVRO<\/a> via Biblioo <a target=\"_blank\" href=\"https:\/\/t.co\/34n9BvzqdD\" rel=\"noopener\">https:\/\/t.co\/34n9BvzqdD<\/a><\/p>\n<p>&mdash; Pedro Andretta (@pedroisandretta) <a target=\"_blank\" href=\"https:\/\/twitter.com\/pedroisandretta\/status\/1385470312268115969?ref_src=twsrc%5Etfw\" rel=\"noopener\">April 23, 2021<\/a><\/p><\/blockquote>\n<p><script async src=\"https:\/\/platform.twitter.com\/widgets.js\" charset=\"utf-8\"><\/script><\/p>\n<p>[ad_2]<br \/>\n<br \/><a href=\"https:\/\/twitter.com\/pedroisandretta\/statuses\/1385470312268115969\">Fonte<\/a> : Projeto <a href=\"https:\/\/www.pedroandretta.info\/informeci\">Informe-CI<\/a><\/p>\n","protected":false},"excerpt":{"rendered":"<p>[ad_1] Comiss\u00e3o de Educa\u00e7\u00e3o da C\u00e2mara aprova audi\u00eancia p\u00fablica sobre taxa\u00e7\u00e3o de livros l \u201cRequerimento foi apresentado pela deputada Melchionna e pede que ministros da Cultura e da Cidadania e secret\u00e1rio da Receita Federal se expliquem\u201d #DEFENDAOLIVRO via Biblioo https:\/\/t.co\/34n9BvzqdD &mdash; Pedro Andretta (@pedroisandretta) April 23, 2021 [ad_2] Fonte : Projeto Informe-CI<\/p>\n","protected":false},"author":1,"featured_media":0,"comment_status":"open","ping_status":"open","sticky":false,"template":"","format":"standard","meta":{"_jetpack_memberships_contains_paid_content":false,"footnotes":"","jetpack_publicize_message":"","jetpack_publicize_feature_enabled":true,"jetpack_social_post_already_shared":true,"jetpack_social_options":{"image_generator_settings":{"template":"highway","default_image_id":0,"font":"","enabled":false},"version":2}},"categories":[21],"tags":[1251],"class_list":["post-10104","post","type-post","status-publish","format-standard","hentry","category-informeci","tag-defendaolivro"],"jetpack_publicize_connections":[],"jetpack_featured_media_url":"","views":"","jetpack_sharing_enabled":true,"_links":{"self":[{"href":"https:\/\/www.pedroandretta.info\/index\/wp-json\/wp\/v2\/posts\/10104","targetHints":{"allow":["GET"]}}],"collection":[{"href":"https:\/\/www.pedroandretta.info\/index\/wp-json\/wp\/v2\/posts"}],"about":[{"href":"https:\/\/www.pedroandretta.info\/index\/wp-json\/wp\/v2\/types\/post"}],"author":[{"embeddable":true,"href":"https:\/\/www.pedroandretta.info\/index\/wp-json\/wp\/v2\/users\/1"}],"replies":[{"embeddable":true,"href":"https:\/\/www.pedroandretta.info\/index\/wp-json\/wp\/v2\/comments?post=10104"}],"version-history":[{"count":0,"href":"https:\/\/www.pedroandretta.info\/index\/wp-json\/wp\/v2\/posts\/10104\/revisions"}],"wp:attachment":[{"href":"https:\/\/www.pedroandretta.info\/index\/wp-json\/wp\/v2\/media?parent=10104"}],"wp:term":[{"taxonomy":"category","embeddable":true,"href":"https:\/\/www.pedroandretta.info\/index\/wp-json\/wp\/v2\/categories?post=10104"},{"taxonomy":"post_tag","embeddable":true,"href":"https:\/\/www.pedroandretta.info\/index\/wp-json\/wp\/v2\/tags?post=10104"}],"curies":[{"name":"wp","href":"https:\/\/api.w.org\/{rel}","templated":true}]}}