{"id":10106,"date":"2021-04-23T17:58:19","date_gmt":"2021-04-23T21:58:19","guid":{"rendered":"https:\/\/www.pedroandretta.info\/index\/?p=10106"},"modified":"2021-04-23T17:58:19","modified_gmt":"2021-04-23T21:58:19","slug":"biblioteca-publica-fechada-nao-salva-vidas-l-diretamente-de-goias-a-editora-la","status":"publish","type":"post","link":"https:\/\/www.pedroandretta.info\/index\/2021\/04\/biblioteca-publica-fechada-nao-salva-vidas-l-diretamente-de-goias-a-editora-la\/","title":{"rendered":"Biblioteca p\u00fablica fechada n\u00e3o salva vidas l \u201cDiretamente de Goi\u00e1s, a editora La&#8230;"},"content":{"rendered":"<p>[ad_1]<br \/>\n<img data-recalc-dims=\"1\" decoding=\"async\" src=\"https:\/\/i0.wp.com\/www.pedroandretta.info\/index\/wp-content\/uploads\/2021\/04\/Biblioteca-publica-fechada-nao-salva-vidas-l-Diretamente-de-Goias.png?w=696&#038;ssl=1\"\/><\/p>\n<blockquote class=\"twitter-tweet\">\n<p lang=\"pt\" dir=\"ltr\">Biblioteca p\u00fablica fechada n\u00e3o salva vidas l \u201cDiretamente de Goi\u00e1s, a editora Larissa Mundim conta a hist\u00f3ria da biblioteca que se tornou hospital de campanha e faz reflex\u00f5es sobre o papel das bibliotecas.\u201d <a target=\"_blank\" href=\"https:\/\/twitter.com\/hashtag\/BibliotecasP%C3%BAblicas?src=hash&amp;ref_src=twsrc%5Etfw\" rel=\"noopener\">#BibliotecasP\u00fablicas<\/a> <a target=\"_blank\" href=\"https:\/\/twitter.com\/hashtag\/Pandemia?src=hash&amp;ref_src=twsrc%5Etfw\" rel=\"noopener\">#Pandemia<\/a> via PublishNews <a target=\"_blank\" href=\"https:\/\/t.co\/vP5zX2FhSA\" rel=\"noopener\">https:\/\/t.co\/vP5zX2FhSA<\/a><\/p>\n<p>&mdash; Pedro Andretta (@pedroisandretta) <a target=\"_blank\" href=\"https:\/\/twitter.com\/pedroisandretta\/status\/1385714679805325315?ref_src=twsrc%5Etfw\" rel=\"noopener\">April 23, 2021<\/a><\/p><\/blockquote>\n<p><script async src=\"https:\/\/platform.twitter.com\/widgets.js\" charset=\"utf-8\"><\/script><\/p>\n<p>[ad_2]<br \/>\n<br \/><a href=\"https:\/\/twitter.com\/pedroisandretta\/statuses\/1385714679805325315\">Fonte<\/a> : Projeto <a href=\"https:\/\/www.pedroandretta.info\/informeci\">Informe-CI<\/a><\/p>\n","protected":false},"excerpt":{"rendered":"<p>[ad_1] Biblioteca p\u00fablica fechada n\u00e3o salva vidas l \u201cDiretamente de Goi\u00e1s, a editora Larissa Mundim conta a hist\u00f3ria da biblioteca que se tornou hospital de campanha e faz reflex\u00f5es sobre o papel das bibliotecas.\u201d #BibliotecasP\u00fablicas #Pandemia via PublishNews https:\/\/t.co\/vP5zX2FhSA &mdash; Pedro Andretta (@pedroisandretta) April 23, 2021 [ad_2] Fonte : Projeto Informe-CI<\/p>\n","protected":false},"author":1,"featured_media":10107,"comment_status":"open","ping_status":"open","sticky":false,"template":"","format":"standard","meta":{"_jetpack_memberships_contains_paid_content":false,"footnotes":"","jetpack_publicize_message":"","jetpack_publicize_feature_enabled":true,"jetpack_social_post_already_shared":true,"jetpack_social_options":{"image_generator_settings":{"template":"highway","default_image_id":0,"font":"","enabled":false},"version":2}},"categories":[21],"tags":[39,629],"class_list":["post-10106","post","type-post","status-publish","format-standard","has-post-thumbnail","hentry","category-informeci","tag-bibliotecaspublicas","tag-pandemia"],"jetpack_publicize_connections":[],"jetpack_featured_media_url":"https:\/\/i0.wp.com\/www.pedroandretta.info\/index\/wp-content\/uploads\/2021\/04\/Biblioteca-publica-fechada-nao-salva-vidas-l-Diretamente-de-Goias.png?fit=767%2C674&ssl=1","views":"","jetpack_sharing_enabled":true,"_links":{"self":[{"href":"https:\/\/www.pedroandretta.info\/index\/wp-json\/wp\/v2\/posts\/10106","targetHints":{"allow":["GET"]}}],"collection":[{"href":"https:\/\/www.pedroandretta.info\/index\/wp-json\/wp\/v2\/posts"}],"about":[{"href":"https:\/\/www.pedroandretta.info\/index\/wp-json\/wp\/v2\/types\/post"}],"author":[{"embeddable":true,"href":"https:\/\/www.pedroandretta.info\/index\/wp-json\/wp\/v2\/users\/1"}],"replies":[{"embeddable":true,"href":"https:\/\/www.pedroandretta.info\/index\/wp-json\/wp\/v2\/comments?post=10106"}],"version-history":[{"count":0,"href":"https:\/\/www.pedroandretta.info\/index\/wp-json\/wp\/v2\/posts\/10106\/revisions"}],"wp:featuredmedia":[{"embeddable":true,"href":"https:\/\/www.pedroandretta.info\/index\/wp-json\/wp\/v2\/media\/10107"}],"wp:attachment":[{"href":"https:\/\/www.pedroandretta.info\/index\/wp-json\/wp\/v2\/media?parent=10106"}],"wp:term":[{"taxonomy":"category","embeddable":true,"href":"https:\/\/www.pedroandretta.info\/index\/wp-json\/wp\/v2\/categories?post=10106"},{"taxonomy":"post_tag","embeddable":true,"href":"https:\/\/www.pedroandretta.info\/index\/wp-json\/wp\/v2\/tags?post=10106"}],"curies":[{"name":"wp","href":"https:\/\/api.w.org\/{rel}","templated":true}]}}