{"id":10108,"date":"2021-04-23T17:55:51","date_gmt":"2021-04-23T21:55:51","guid":{"rendered":"https:\/\/www.pedroandretta.info\/index\/?p=10108"},"modified":"2021-04-23T17:55:51","modified_gmt":"2021-04-23T21:55:51","slug":"que-futuro-vemos-para-o-livro-l-a-industria-editorial-deveria-ser-exemplo-de-c","status":"publish","type":"post","link":"https:\/\/www.pedroandretta.info\/index\/2021\/04\/que-futuro-vemos-para-o-livro-l-a-industria-editorial-deveria-ser-exemplo-de-c\/","title":{"rendered":"Que futuro vemos para o livro? l \u201cA ind\u00fastria editorial deveria ser exemplo de c&#8230;"},"content":{"rendered":"<p>[ad_1]<br \/>\n<img data-recalc-dims=\"1\" decoding=\"async\" src=\"https:\/\/i0.wp.com\/www.pedroandretta.info\/index\/wp-content\/uploads\/2021\/04\/Que-futuro-vemos-para-o-livro-l-A-industria-editorial.jpeg?w=696&#038;ssl=1\"\/><\/p>\n<blockquote class=\"twitter-tweet\">\n<p lang=\"pt\" dir=\"ltr\">Que futuro vemos para o livro? l \u201cA ind\u00fastria editorial deveria ser exemplo de conviv\u00eancia e troca entre indiv\u00edduos diferentes em rela\u00e7\u00e3o \u00e0 etnia, g\u00eanero, orienta\u00e7\u00e3o e identidade sexual, cultura etc.\u201d <a target=\"_blank\" href=\"https:\/\/twitter.com\/hashtag\/MercadoEditorial?src=hash&amp;ref_src=twsrc%5Etfw\" rel=\"noopener\">#MercadoEditorial<\/a> <a target=\"_blank\" href=\"https:\/\/twitter.com\/hashtag\/DiaMundialDoLivro?src=hash&amp;ref_src=twsrc%5Etfw\" rel=\"noopener\">#DiaMundialDoLivro<\/a> via PublishNews <a target=\"_blank\" href=\"https:\/\/t.co\/nkoBUyKiG2\" rel=\"noopener\">https:\/\/t.co\/nkoBUyKiG2<\/a><\/p>\n<p>&mdash; Pedro Andretta (@pedroisandretta) <a target=\"_blank\" href=\"https:\/\/twitter.com\/pedroisandretta\/status\/1385714060461842437?ref_src=twsrc%5Etfw\" rel=\"noopener\">April 23, 2021<\/a><\/p><\/blockquote>\n<p><script async src=\"https:\/\/platform.twitter.com\/widgets.js\" charset=\"utf-8\"><\/script><\/p>\n<p>[ad_2]<br \/>\n<br \/><a href=\"https:\/\/twitter.com\/pedroisandretta\/statuses\/1385714060461842437\">Fonte<\/a> : Projeto <a href=\"https:\/\/www.pedroandretta.info\/informeci\">Informe-CI<\/a><\/p>\n","protected":false},"excerpt":{"rendered":"<p>[ad_1] Que futuro vemos para o livro? l \u201cA ind\u00fastria editorial deveria ser exemplo de conviv\u00eancia e troca entre indiv\u00edduos diferentes em rela\u00e7\u00e3o \u00e0 etnia, g\u00eanero, orienta\u00e7\u00e3o e identidade sexual, cultura etc.\u201d #MercadoEditorial #DiaMundialDoLivro via PublishNews https:\/\/t.co\/nkoBUyKiG2 &mdash; Pedro Andretta (@pedroisandretta) April 23, 2021 [ad_2] Fonte : Projeto Informe-CI<\/p>\n","protected":false},"author":1,"featured_media":10109,"comment_status":"open","ping_status":"open","sticky":false,"template":"","format":"standard","meta":{"_jetpack_memberships_contains_paid_content":false,"footnotes":"","jetpack_publicize_message":"","jetpack_publicize_feature_enabled":true,"jetpack_social_post_already_shared":true,"jetpack_social_options":{"image_generator_settings":{"template":"highway","default_image_id":0,"font":"","enabled":false},"version":2}},"categories":[21],"tags":[2154,367],"class_list":["post-10108","post","type-post","status-publish","format-standard","has-post-thumbnail","hentry","category-informeci","tag-diamundialdolivro","tag-mercadoeditorial"],"jetpack_publicize_connections":[],"jetpack_featured_media_url":"https:\/\/i0.wp.com\/www.pedroandretta.info\/index\/wp-content\/uploads\/2021\/04\/Que-futuro-vemos-para-o-livro-l-A-industria-editorial.jpeg?fit=900%2C647&ssl=1","views":"","jetpack_sharing_enabled":true,"_links":{"self":[{"href":"https:\/\/www.pedroandretta.info\/index\/wp-json\/wp\/v2\/posts\/10108","targetHints":{"allow":["GET"]}}],"collection":[{"href":"https:\/\/www.pedroandretta.info\/index\/wp-json\/wp\/v2\/posts"}],"about":[{"href":"https:\/\/www.pedroandretta.info\/index\/wp-json\/wp\/v2\/types\/post"}],"author":[{"embeddable":true,"href":"https:\/\/www.pedroandretta.info\/index\/wp-json\/wp\/v2\/users\/1"}],"replies":[{"embeddable":true,"href":"https:\/\/www.pedroandretta.info\/index\/wp-json\/wp\/v2\/comments?post=10108"}],"version-history":[{"count":0,"href":"https:\/\/www.pedroandretta.info\/index\/wp-json\/wp\/v2\/posts\/10108\/revisions"}],"wp:featuredmedia":[{"embeddable":true,"href":"https:\/\/www.pedroandretta.info\/index\/wp-json\/wp\/v2\/media\/10109"}],"wp:attachment":[{"href":"https:\/\/www.pedroandretta.info\/index\/wp-json\/wp\/v2\/media?parent=10108"}],"wp:term":[{"taxonomy":"category","embeddable":true,"href":"https:\/\/www.pedroandretta.info\/index\/wp-json\/wp\/v2\/categories?post=10108"},{"taxonomy":"post_tag","embeddable":true,"href":"https:\/\/www.pedroandretta.info\/index\/wp-json\/wp\/v2\/tags?post=10108"}],"curies":[{"name":"wp","href":"https:\/\/api.w.org\/{rel}","templated":true}]}}