{"id":10112,"date":"2021-04-23T21:03:58","date_gmt":"2021-04-24T01:03:58","guid":{"rendered":"https:\/\/www.pedroandretta.info\/index\/?p=10112"},"modified":"2021-04-23T21:03:58","modified_gmt":"2021-04-24T01:03:58","slug":"retrocessos-no-setor-livreiro-marcam-o-diamundialdolivro-l-o-governo-federal-t","status":"publish","type":"post","link":"https:\/\/www.pedroandretta.info\/index\/2021\/04\/retrocessos-no-setor-livreiro-marcam-o-diamundialdolivro-l-o-governo-federal-t\/","title":{"rendered":"Retrocessos no setor livreiro marcam o #DiaMundialDoLivro l \u201cO governo federal t&#8230;"},"content":{"rendered":"<p>[ad_1]<\/p>\n<blockquote class=\"twitter-tweet\">\n<p lang=\"pt\" dir=\"ltr\">Retrocessos no setor livreiro marcam o <a target=\"_blank\" href=\"https:\/\/twitter.com\/hashtag\/DiaMundialDoLivro?src=hash&amp;ref_src=twsrc%5Etfw\" rel=\"noopener\">#DiaMundialDoLivro<\/a> l \u201cO governo federal tem amea\u00e7ado a \u00e1rea de diversas formas, indo da proposta de taxa\u00e7\u00e3o das publica\u00e7\u00f5es, por meio da \u2019reforma tribut\u00e1ria\u2019, \u00e0 interfer\u00eancia ideol\u00f3gica no <a target=\"_blank\" href=\"https:\/\/twitter.com\/hashtag\/PNLD?src=hash&amp;ref_src=twsrc%5Etfw\" rel=\"noopener\">#PNLD<\/a>\u201d via Biblioo <a target=\"_blank\" href=\"https:\/\/t.co\/aATAMpr4b1\" rel=\"noopener\">https:\/\/t.co\/aATAMpr4b1<\/a><\/p>\n<p>&mdash; Pedro Andretta (@pedroisandretta) <a target=\"_blank\" href=\"https:\/\/twitter.com\/pedroisandretta\/status\/1385761400837087237?ref_src=twsrc%5Etfw\" rel=\"noopener\">April 24, 2021<\/a><\/p><\/blockquote>\n<p><script async src=\"https:\/\/platform.twitter.com\/widgets.js\" charset=\"utf-8\"><\/script><\/p>\n<p>[ad_2]<br \/>\n<br \/><a href=\"https:\/\/twitter.com\/pedroisandretta\/statuses\/1385761400837087237\">Fonte<\/a> : Projeto <a href=\"https:\/\/www.pedroandretta.info\/informeci\">Informe-CI<\/a><\/p>\n","protected":false},"excerpt":{"rendered":"<p>[ad_1] Retrocessos no setor livreiro marcam o #DiaMundialDoLivro l \u201cO governo federal tem amea\u00e7ado a \u00e1rea de diversas formas, indo da proposta de taxa\u00e7\u00e3o das publica\u00e7\u00f5es, por meio da \u2019reforma tribut\u00e1ria\u2019, \u00e0 interfer\u00eancia ideol\u00f3gica no #PNLD\u201d via Biblioo https:\/\/t.co\/aATAMpr4b1 &mdash; Pedro Andretta (@pedroisandretta) April 24, 2021 [ad_2] Fonte : Projeto Informe-CI<\/p>\n","protected":false},"author":1,"featured_media":0,"comment_status":"open","ping_status":"open","sticky":false,"template":"","format":"standard","meta":{"_jetpack_memberships_contains_paid_content":false,"footnotes":"","jetpack_publicize_message":"","jetpack_publicize_feature_enabled":true,"jetpack_social_post_already_shared":true,"jetpack_social_options":{"image_generator_settings":{"template":"highway","default_image_id":0,"font":"","enabled":false},"version":2}},"categories":[21],"tags":[2154,1325],"class_list":["post-10112","post","type-post","status-publish","format-standard","hentry","category-informeci","tag-diamundialdolivro","tag-pnld"],"jetpack_publicize_connections":[],"jetpack_featured_media_url":"","views":"","jetpack_sharing_enabled":true,"_links":{"self":[{"href":"https:\/\/www.pedroandretta.info\/index\/wp-json\/wp\/v2\/posts\/10112","targetHints":{"allow":["GET"]}}],"collection":[{"href":"https:\/\/www.pedroandretta.info\/index\/wp-json\/wp\/v2\/posts"}],"about":[{"href":"https:\/\/www.pedroandretta.info\/index\/wp-json\/wp\/v2\/types\/post"}],"author":[{"embeddable":true,"href":"https:\/\/www.pedroandretta.info\/index\/wp-json\/wp\/v2\/users\/1"}],"replies":[{"embeddable":true,"href":"https:\/\/www.pedroandretta.info\/index\/wp-json\/wp\/v2\/comments?post=10112"}],"version-history":[{"count":0,"href":"https:\/\/www.pedroandretta.info\/index\/wp-json\/wp\/v2\/posts\/10112\/revisions"}],"wp:attachment":[{"href":"https:\/\/www.pedroandretta.info\/index\/wp-json\/wp\/v2\/media?parent=10112"}],"wp:term":[{"taxonomy":"category","embeddable":true,"href":"https:\/\/www.pedroandretta.info\/index\/wp-json\/wp\/v2\/categories?post=10112"},{"taxonomy":"post_tag","embeddable":true,"href":"https:\/\/www.pedroandretta.info\/index\/wp-json\/wp\/v2\/tags?post=10112"}],"curies":[{"name":"wp","href":"https:\/\/api.w.org\/{rel}","templated":true}]}}