{"id":10116,"date":"2021-04-24T00:20:33","date_gmt":"2021-04-24T04:20:33","guid":{"rendered":"https:\/\/www.pedroandretta.info\/index\/?p=10116"},"modified":"2021-04-24T00:20:33","modified_gmt":"2021-04-24T04:20:33","slug":"a-imagem-social-das-bibliotecas-e-dos-bibliotecarios-l-vale-conferir-o-conjunto","status":"publish","type":"post","link":"https:\/\/www.pedroandretta.info\/index\/2021\/04\/a-imagem-social-das-bibliotecas-e-dos-bibliotecarios-l-vale-conferir-o-conjunto\/","title":{"rendered":"A imagem social das bibliotecas e dos bibliotec\u00e1rios l Vale conferir o conjunto &#8230;"},"content":{"rendered":"<p>[ad_1]<\/p>\n<blockquote class=\"twitter-tweet\">\n<p lang=\"pt\" dir=\"ltr\">A imagem social das bibliotecas e dos bibliotec\u00e1rios l Vale conferir o conjunto de slides. Bem bacana para explorar a <a target=\"_blank\" href=\"https:\/\/twitter.com\/hashtag\/Representa%C3%A7%C3%A3o?src=hash&amp;ref_src=twsrc%5Etfw\" rel=\"noopener\">#Representa\u00e7\u00e3o<\/a> das <a target=\"_blank\" href=\"https:\/\/twitter.com\/hashtag\/Bibliotecas?src=hash&amp;ref_src=twsrc%5Etfw\" rel=\"noopener\">#Bibliotecas<\/a> e <a target=\"_blank\" href=\"https:\/\/twitter.com\/hashtag\/Bibliotec%C3%A1rios?src=hash&amp;ref_src=twsrc%5Etfw\" rel=\"noopener\">#Bibliotec\u00e1rios<\/a> na disciplina de  <a target=\"_blank\" href=\"https:\/\/twitter.com\/hashtag\/FundamentosDeBiblioteconomia?src=hash&amp;ref_src=twsrc%5Etfw\" rel=\"noopener\">#FundamentosDeBiblioteconomia<\/a> . <a target=\"_blank\" href=\"https:\/\/twitter.com\/hashtag\/Frases?src=hash&amp;ref_src=twsrc%5Etfw\" rel=\"noopener\">#Frases<\/a> \ud83c\uddea\ud83c\uddf8 via <a target=\"_blank\" href=\"https:\/\/twitter.com\/jalonsoarevalo?ref_src=twsrc%5Etfw\" rel=\"noopener\">@jalonsoarevalo<\/a> <a target=\"_blank\" href=\"https:\/\/t.co\/1MHbcKmAiu\" rel=\"noopener\">https:\/\/t.co\/1MHbcKmAiu<\/a><\/p>\n<p>&mdash; Pedro Andretta (@pedroisandretta) <a target=\"_blank\" href=\"https:\/\/twitter.com\/pedroisandretta\/status\/1385810872950525952?ref_src=twsrc%5Etfw\" rel=\"noopener\">April 24, 2021<\/a><\/p><\/blockquote>\n<p><script async src=\"https:\/\/platform.twitter.com\/widgets.js\" charset=\"utf-8\"><\/script><\/p>\n<p>[ad_2]<br \/>\n<br \/><a href=\"https:\/\/twitter.com\/pedroisandretta\/statuses\/1385810872950525952\">Fonte<\/a> : Projeto <a href=\"https:\/\/www.pedroandretta.info\/informeci\">Informe-CI<\/a><\/p>\n","protected":false},"excerpt":{"rendered":"<p>[ad_1] A imagem social das bibliotecas e dos bibliotec\u00e1rios l Vale conferir o conjunto de slides. Bem bacana para explorar a #Representa\u00e7\u00e3o das #Bibliotecas e #Bibliotec\u00e1rios na disciplina de #FundamentosDeBiblioteconomia . #Frases \ud83c\uddea\ud83c\uddf8 via @jalonsoarevalo https:\/\/t.co\/1MHbcKmAiu &mdash; Pedro Andretta (@pedroisandretta) April 24, 2021 [ad_2] Fonte : Projeto Informe-CI<\/p>\n","protected":false},"author":1,"featured_media":0,"comment_status":"open","ping_status":"open","sticky":false,"template":"","format":"standard","meta":{"_jetpack_memberships_contains_paid_content":false,"footnotes":"","jetpack_publicize_message":"","jetpack_publicize_feature_enabled":true,"jetpack_social_post_already_shared":true,"jetpack_social_options":{"image_generator_settings":{"template":"highway","default_image_id":0,"font":"","enabled":false},"version":2}},"categories":[21],"tags":[22,38,1503,615,2155],"class_list":["post-10116","post","type-post","status-publish","format-standard","hentry","category-informeci","tag-bibliotecarios","tag-bibliotecas","tag-frases","tag-fundamentosdebiblioteconomia","tag-representacao"],"jetpack_publicize_connections":[],"jetpack_featured_media_url":"","views":"","jetpack_sharing_enabled":true,"_links":{"self":[{"href":"https:\/\/www.pedroandretta.info\/index\/wp-json\/wp\/v2\/posts\/10116","targetHints":{"allow":["GET"]}}],"collection":[{"href":"https:\/\/www.pedroandretta.info\/index\/wp-json\/wp\/v2\/posts"}],"about":[{"href":"https:\/\/www.pedroandretta.info\/index\/wp-json\/wp\/v2\/types\/post"}],"author":[{"embeddable":true,"href":"https:\/\/www.pedroandretta.info\/index\/wp-json\/wp\/v2\/users\/1"}],"replies":[{"embeddable":true,"href":"https:\/\/www.pedroandretta.info\/index\/wp-json\/wp\/v2\/comments?post=10116"}],"version-history":[{"count":0,"href":"https:\/\/www.pedroandretta.info\/index\/wp-json\/wp\/v2\/posts\/10116\/revisions"}],"wp:attachment":[{"href":"https:\/\/www.pedroandretta.info\/index\/wp-json\/wp\/v2\/media?parent=10116"}],"wp:term":[{"taxonomy":"category","embeddable":true,"href":"https:\/\/www.pedroandretta.info\/index\/wp-json\/wp\/v2\/categories?post=10116"},{"taxonomy":"post_tag","embeddable":true,"href":"https:\/\/www.pedroandretta.info\/index\/wp-json\/wp\/v2\/tags?post=10116"}],"curies":[{"name":"wp","href":"https:\/\/api.w.org\/{rel}","templated":true}]}}