{"id":10142,"date":"2021-04-26T18:18:35","date_gmt":"2021-04-26T22:18:35","guid":{"rendered":"https:\/\/www.pedroandretta.info\/index\/?p=10142"},"modified":"2021-04-26T18:18:35","modified_gmt":"2021-04-26T22:18:35","slug":"racismo-anti-semitismo-antirracismo-de-michel-wieviorka-l-se-o-imaginario-da","status":"publish","type":"post","link":"https:\/\/www.pedroandretta.info\/index\/2021\/04\/racismo-anti-semitismo-antirracismo-de-michel-wieviorka-l-se-o-imaginario-da\/","title":{"rendered":"Racismo, anti-semitismo, antirracismo, de Michel Wieviorka l \u201cSe o imagin\u00e1rio da&#8230;"},"content":{"rendered":"<p>[ad_1]<\/p>\n<blockquote class=\"twitter-tweet\">\n<p lang=\"pt\" dir=\"ltr\">Racismo, anti-semitismo, antirracismo, de Michel Wieviorka l \u201cSe o imagin\u00e1rio da <a target=\"_blank\" href=\"https:\/\/twitter.com\/hashtag\/ra%C3%A7a?src=hash&amp;ref_src=twsrc%5Etfw\" rel=\"noopener\">#ra\u00e7a<\/a> \u00e9 antiga, as palavras <a target=\"_blank\" href=\"https:\/\/twitter.com\/hashtag\/racismo?src=hash&amp;ref_src=twsrc%5Etfw\" rel=\"noopener\">#racismo<\/a> e racista datam para a Fran\u00e7a da virada dos anos 1900, e seu uso foi consideravelmente ampliado na d\u00e9cada de 1930\u201d \ud83c\uddeb\ud83c\uddf7 via The Conversation <a target=\"_blank\" href=\"https:\/\/t.co\/DjPSsxzpTU\" rel=\"noopener\">https:\/\/t.co\/DjPSsxzpTU<\/a><\/p>\n<p>&mdash; Pedro Andretta (@pedroisandretta) <a target=\"_blank\" href=\"https:\/\/twitter.com\/pedroisandretta\/status\/1386806941419245569?ref_src=twsrc%5Etfw\" rel=\"noopener\">April 26, 2021<\/a><\/p><\/blockquote>\n<p><script async src=\"https:\/\/platform.twitter.com\/widgets.js\" charset=\"utf-8\"><\/script><\/p>\n<p>[ad_2]<br \/>\n<br \/><a href=\"https:\/\/twitter.com\/pedroisandretta\/statuses\/1386806941419245569\">Fonte<\/a> : Projeto <a href=\"https:\/\/www.pedroandretta.info\/informeci\">Informe-CI<\/a><\/p>\n","protected":false},"excerpt":{"rendered":"<p>[ad_1] Racismo, anti-semitismo, antirracismo, de Michel Wieviorka l \u201cSe o imagin\u00e1rio da #ra\u00e7a \u00e9 antiga, as palavras #racismo e racista datam para a Fran\u00e7a da virada dos anos 1900, e seu uso foi consideravelmente ampliado na d\u00e9cada de 1930\u201d \ud83c\uddeb\ud83c\uddf7 via The Conversation https:\/\/t.co\/DjPSsxzpTU &mdash; Pedro Andretta (@pedroisandretta) April 26, 2021 [ad_2] Fonte : Projeto<\/p><\/div>\n<div class=\"blog-btn\"><a href=\"https:\/\/www.pedroandretta.info\/index\/2021\/04\/racismo-anti-semitismo-antirracismo-de-michel-wieviorka-l-se-o-imaginario-da\/\" class=\"home-blog-btn\">Ler mais<\/a><\/p>\n","protected":false},"author":1,"featured_media":0,"comment_status":"open","ping_status":"open","sticky":false,"template":"","format":"standard","meta":{"_jetpack_memberships_contains_paid_content":false,"footnotes":"","jetpack_publicize_message":"","jetpack_publicize_feature_enabled":true,"jetpack_social_post_already_shared":true,"jetpack_social_options":{"image_generator_settings":{"template":"highway","default_image_id":0,"font":"","enabled":false},"version":2}},"categories":[21],"tags":[677,247],"class_list":["post-10142","post","type-post","status-publish","format-standard","hentry","category-informeci","tag-raca","tag-racismo"],"jetpack_publicize_connections":[],"jetpack_featured_media_url":"","views":"","jetpack_sharing_enabled":true,"_links":{"self":[{"href":"https:\/\/www.pedroandretta.info\/index\/wp-json\/wp\/v2\/posts\/10142","targetHints":{"allow":["GET"]}}],"collection":[{"href":"https:\/\/www.pedroandretta.info\/index\/wp-json\/wp\/v2\/posts"}],"about":[{"href":"https:\/\/www.pedroandretta.info\/index\/wp-json\/wp\/v2\/types\/post"}],"author":[{"embeddable":true,"href":"https:\/\/www.pedroandretta.info\/index\/wp-json\/wp\/v2\/users\/1"}],"replies":[{"embeddable":true,"href":"https:\/\/www.pedroandretta.info\/index\/wp-json\/wp\/v2\/comments?post=10142"}],"version-history":[{"count":0,"href":"https:\/\/www.pedroandretta.info\/index\/wp-json\/wp\/v2\/posts\/10142\/revisions"}],"wp:attachment":[{"href":"https:\/\/www.pedroandretta.info\/index\/wp-json\/wp\/v2\/media?parent=10142"}],"wp:term":[{"taxonomy":"category","embeddable":true,"href":"https:\/\/www.pedroandretta.info\/index\/wp-json\/wp\/v2\/categories?post=10142"},{"taxonomy":"post_tag","embeddable":true,"href":"https:\/\/www.pedroandretta.info\/index\/wp-json\/wp\/v2\/tags?post=10142"}],"curies":[{"name":"wp","href":"https:\/\/api.w.org\/{rel}","templated":true}]}}