{"id":10202,"date":"2021-05-01T17:16:31","date_gmt":"2021-05-01T21:16:31","guid":{"rendered":"https:\/\/www.pedroandretta.info\/index\/?p=10202"},"modified":"2021-05-01T17:16:31","modified_gmt":"2021-05-01T21:16:31","slug":"estetica-e-raca-de-luiz-mauricio-azevedo-l-obra-reune-16-textos-que-examinam-a","status":"publish","type":"post","link":"https:\/\/www.pedroandretta.info\/index\/2021\/05\/estetica-e-raca-de-luiz-mauricio-azevedo-l-obra-reune-16-textos-que-examinam-a\/","title":{"rendered":"Est\u00e9tica e Ra\u00e7a, de Luiz Mauricio Azevedo l Obra re\u00fane 16 textos que examinam a &#8230;"},"content":{"rendered":"<p>[ad_1]<\/p>\n<blockquote class=\"twitter-tweet\">\n<p lang=\"pt\" dir=\"ltr\">Est\u00e9tica e Ra\u00e7a, de Luiz Mauricio Azevedo l Obra re\u00fane 16 textos que examinam a complexidade e a luta dos negros, passando por autores como Machado de Assis, Toni Morrison, Jeferson Ten\u00f3rio e Ralph Ellison. <a target=\"_blank\" href=\"https:\/\/twitter.com\/hashtag\/LiteraturaNegra?src=hash&amp;ref_src=twsrc%5Etfw\" rel=\"noopener\">#LiteraturaNegra<\/a> <a target=\"_blank\" href=\"https:\/\/twitter.com\/hashtag\/EscritoresNegros?src=hash&amp;ref_src=twsrc%5Etfw\" rel=\"noopener\">#EscritoresNegros<\/a> via Ed. Sulina <a target=\"_blank\" href=\"https:\/\/t.co\/MBRPBWAPkU\" rel=\"noopener\">https:\/\/t.co\/MBRPBWAPkU<\/a><\/p>\n<p>&mdash; Pedro Andretta (@pedroisandretta) <a target=\"_blank\" href=\"https:\/\/twitter.com\/pedroisandretta\/status\/1388603261314342912?ref_src=twsrc%5Etfw\" rel=\"noopener\">May 1, 2021<\/a><\/p><\/blockquote>\n<p><script async src=\"https:\/\/platform.twitter.com\/widgets.js\" charset=\"utf-8\"><\/script><\/p>\n<p>[ad_2]<br \/>\n<br \/><a href=\"https:\/\/twitter.com\/pedroisandretta\/statuses\/1388603261314342912\">Fonte<\/a> : Projeto <a href=\"https:\/\/www.pedroandretta.info\/informeci\">Informe-CI<\/a><\/p>\n","protected":false},"excerpt":{"rendered":"<p>[ad_1] Est\u00e9tica e Ra\u00e7a, de Luiz Mauricio Azevedo l Obra re\u00fane 16 textos que examinam a complexidade e a luta dos negros, passando por autores como Machado de Assis, Toni Morrison, Jeferson Ten\u00f3rio e Ralph Ellison. #LiteraturaNegra #EscritoresNegros via Ed. Sulina https:\/\/t.co\/MBRPBWAPkU &mdash; Pedro Andretta (@pedroisandretta) May 1, 2021 [ad_2] Fonte : Projeto Informe-CI<\/p>\n","protected":false},"author":1,"featured_media":0,"comment_status":"open","ping_status":"open","sticky":false,"template":"","format":"standard","meta":{"_jetpack_memberships_contains_paid_content":false,"footnotes":"","jetpack_publicize_message":"","jetpack_publicize_feature_enabled":true,"jetpack_social_post_already_shared":true,"jetpack_social_options":{"image_generator_settings":{"template":"highway","default_image_id":0,"font":"","enabled":false},"version":2}},"categories":[21],"tags":[1238,1381],"class_list":["post-10202","post","type-post","status-publish","format-standard","hentry","category-informeci","tag-escritoresnegros","tag-literaturanegra"],"jetpack_publicize_connections":[],"jetpack_featured_media_url":"","views":"","jetpack_sharing_enabled":true,"_links":{"self":[{"href":"https:\/\/www.pedroandretta.info\/index\/wp-json\/wp\/v2\/posts\/10202","targetHints":{"allow":["GET"]}}],"collection":[{"href":"https:\/\/www.pedroandretta.info\/index\/wp-json\/wp\/v2\/posts"}],"about":[{"href":"https:\/\/www.pedroandretta.info\/index\/wp-json\/wp\/v2\/types\/post"}],"author":[{"embeddable":true,"href":"https:\/\/www.pedroandretta.info\/index\/wp-json\/wp\/v2\/users\/1"}],"replies":[{"embeddable":true,"href":"https:\/\/www.pedroandretta.info\/index\/wp-json\/wp\/v2\/comments?post=10202"}],"version-history":[{"count":0,"href":"https:\/\/www.pedroandretta.info\/index\/wp-json\/wp\/v2\/posts\/10202\/revisions"}],"wp:attachment":[{"href":"https:\/\/www.pedroandretta.info\/index\/wp-json\/wp\/v2\/media?parent=10202"}],"wp:term":[{"taxonomy":"category","embeddable":true,"href":"https:\/\/www.pedroandretta.info\/index\/wp-json\/wp\/v2\/categories?post=10202"},{"taxonomy":"post_tag","embeddable":true,"href":"https:\/\/www.pedroandretta.info\/index\/wp-json\/wp\/v2\/tags?post=10202"}],"curies":[{"name":"wp","href":"https:\/\/api.w.org\/{rel}","templated":true}]}}