{"id":10209,"date":"2021-05-01T22:20:59","date_gmt":"2021-05-02T02:20:59","guid":{"rendered":"https:\/\/www.pedroandretta.info\/index\/?p=10209"},"modified":"2021-05-01T22:20:59","modified_gmt":"2021-05-02T02:20:59","slug":"lancada-edicao-acervo-do-arquivo-nacional-l-dossie-em-publicacao-continua-hist","status":"publish","type":"post","link":"https:\/\/www.pedroandretta.info\/index\/2021\/05\/lancada-edicao-acervo-do-arquivo-nacional-l-dossie-em-publicacao-continua-hist\/","title":{"rendered":"Lan\u00e7ada edi\u00e7\u00e3o Acervo, do Arquivo Nacional l Dossi\u00ea em publica\u00e7\u00e3o cont\u00ednua \u201cHist&#8230;"},"content":{"rendered":"<p>[ad_1]<\/p>\n<blockquote class=\"twitter-tweet\">\n<p lang=\"pt\" dir=\"ltr\">Lan\u00e7ada edi\u00e7\u00e3o Acervo, do Arquivo Nacional l Dossi\u00ea em publica\u00e7\u00e3o cont\u00ednua \u201cHist\u00f3ria ind\u00edgena, ag\u00eancia e di\u00e1logos interdisciplinares\u201d <a target=\"_blank\" href=\"https:\/\/twitter.com\/hashtag\/Hist%C3%B3riaInd%C3%ADgena?src=hash&amp;ref_src=twsrc%5Etfw\" rel=\"noopener\">#Hist\u00f3riaInd\u00edgena<\/a> <a target=\"_blank\" href=\"https:\/\/twitter.com\/hashtag\/Ind%C3%ADgenas?src=hash&amp;ref_src=twsrc%5Etfw\" rel=\"noopener\">#Ind\u00edgenas<\/a>  <a target=\"_blank\" href=\"https:\/\/twitter.com\/hashtag\/RevistasCI?src=hash&amp;ref_src=twsrc%5Etfw\" rel=\"noopener\">#RevistasCI<\/a> <a target=\"_blank\" href=\"https:\/\/t.co\/6WraeZ2K0o\" rel=\"noopener\">https:\/\/t.co\/6WraeZ2K0o<\/a> <a target=\"_blank\" href=\"https:\/\/t.co\/8ugx0QS1eq\" rel=\"noopener\">pic.twitter.com\/8ugx0QS1eq<\/a><\/p>\n<p>&mdash; Pedro Andretta (@pedroisandretta) <a target=\"_blank\" href=\"https:\/\/twitter.com\/pedroisandretta\/status\/1388679886135517184?ref_src=twsrc%5Etfw\" rel=\"noopener\">May 2, 2021<\/a><\/p><\/blockquote>\n<p><script async src=\"https:\/\/platform.twitter.com\/widgets.js\" charset=\"utf-8\"><\/script><\/p>\n<p>[ad_2]<br \/>\n<br \/><a href=\"https:\/\/twitter.com\/pedroisandretta\/statuses\/1388679886135517184\">Fonte<\/a> : Projeto <a href=\"https:\/\/www.pedroandretta.info\/informeci\">Informe-CI<\/a><\/p>\n","protected":false},"excerpt":{"rendered":"<p>[ad_1] Lan\u00e7ada edi\u00e7\u00e3o Acervo, do Arquivo Nacional l Dossi\u00ea em publica\u00e7\u00e3o cont\u00ednua \u201cHist\u00f3ria ind\u00edgena, ag\u00eancia e di\u00e1logos interdisciplinares\u201d #Hist\u00f3riaInd\u00edgena #Ind\u00edgenas #RevistasCI https:\/\/t.co\/6WraeZ2K0o pic.twitter.com\/8ugx0QS1eq &mdash; Pedro Andretta (@pedroisandretta) May 2, 2021 [ad_2] Fonte : Projeto Informe-CI<\/p>\n","protected":false},"author":1,"featured_media":10210,"comment_status":"open","ping_status":"open","sticky":false,"template":"","format":"standard","meta":{"_jetpack_memberships_contains_paid_content":false,"footnotes":"","jetpack_publicize_message":"","jetpack_publicize_feature_enabled":true,"jetpack_social_post_already_shared":true,"jetpack_social_options":{"image_generator_settings":{"template":"highway","default_image_id":0,"font":"","enabled":false},"version":2}},"categories":[21],"tags":[2174,2700,196],"class_list":["post-10209","post","type-post","status-publish","format-standard","has-post-thumbnail","hentry","category-informeci","tag-historiaindigena","tag-povosindigenas","tag-revistasci"],"jetpack_publicize_connections":[],"jetpack_featured_media_url":"https:\/\/i0.wp.com\/www.pedroandretta.info\/index\/wp-content\/uploads\/2021\/05\/Lancada-edicao-Acervo-do-Arquivo-Nacional-l-Dossie-em-publicacao.jpg?fit=900%2C1200&ssl=1","views":"","jetpack_sharing_enabled":true,"_links":{"self":[{"href":"https:\/\/www.pedroandretta.info\/index\/wp-json\/wp\/v2\/posts\/10209","targetHints":{"allow":["GET"]}}],"collection":[{"href":"https:\/\/www.pedroandretta.info\/index\/wp-json\/wp\/v2\/posts"}],"about":[{"href":"https:\/\/www.pedroandretta.info\/index\/wp-json\/wp\/v2\/types\/post"}],"author":[{"embeddable":true,"href":"https:\/\/www.pedroandretta.info\/index\/wp-json\/wp\/v2\/users\/1"}],"replies":[{"embeddable":true,"href":"https:\/\/www.pedroandretta.info\/index\/wp-json\/wp\/v2\/comments?post=10209"}],"version-history":[{"count":0,"href":"https:\/\/www.pedroandretta.info\/index\/wp-json\/wp\/v2\/posts\/10209\/revisions"}],"wp:featuredmedia":[{"embeddable":true,"href":"https:\/\/www.pedroandretta.info\/index\/wp-json\/wp\/v2\/media\/10210"}],"wp:attachment":[{"href":"https:\/\/www.pedroandretta.info\/index\/wp-json\/wp\/v2\/media?parent=10209"}],"wp:term":[{"taxonomy":"category","embeddable":true,"href":"https:\/\/www.pedroandretta.info\/index\/wp-json\/wp\/v2\/categories?post=10209"},{"taxonomy":"post_tag","embeddable":true,"href":"https:\/\/www.pedroandretta.info\/index\/wp-json\/wp\/v2\/tags?post=10209"}],"curies":[{"name":"wp","href":"https:\/\/api.w.org\/{rel}","templated":true}]}}