{"id":10266,"date":"2021-05-05T21:09:03","date_gmt":"2021-05-06T01:09:03","guid":{"rendered":"https:\/\/www.pedroandretta.info\/index\/?p=10266"},"modified":"2021-05-05T21:09:03","modified_gmt":"2021-05-06T01:09:03","slug":"malinformado-sobre-o-que-o-que-significa-ser-um-cidadao-com-educacao-em-cienc","status":"publish","type":"post","link":"https:\/\/www.pedroandretta.info\/index\/2021\/05\/malinformado-sobre-o-que-o-que-significa-ser-um-cidadao-com-educacao-em-cienc\/","title":{"rendered":"(Mal)informado sobre o qu\u00ea? O que significa ser um cidad\u00e3o com educa\u00e7\u00e3o em ci\u00eanc&#8230;"},"content":{"rendered":"<p>[ad_1]<\/p>\n<blockquote class=\"twitter-tweet\">\n<p lang=\"pt\" dir=\"ltr\">(Mal)informado sobre o qu\u00ea? O que significa ser um cidad\u00e3o com educa\u00e7\u00e3o em ci\u00eancias em um mundo digital l A <a target=\"_blank\" href=\"https:\/\/twitter.com\/hashtag\/Educa%C3%A7%C3%A3oCient%C3%ADfica?src=hash&amp;ref_src=twsrc%5Etfw\" rel=\"noopener\">#Educa\u00e7\u00e3oCient\u00edfica<\/a> engloba tr\u00eas dimens\u00f5es da educa\u00e7\u00e3o:  educa\u00e7\u00e3o em ci\u00eancias c\u00edvicas, em ci\u00eancias da m\u00eddia digital e ci\u00eancias cognitivas. <a target=\"_blank\" href=\"https:\/\/twitter.com\/hashtag\/Ci%C3%AAncia?src=hash&amp;ref_src=twsrc%5Etfw\" rel=\"noopener\">#Ci\u00eancia<\/a>  <a target=\"_blank\" href=\"https:\/\/t.co\/ubcoZUqHVC\" rel=\"noopener\">https:\/\/t.co\/ubcoZUqHVC<\/a> <a target=\"_blank\" href=\"https:\/\/t.co\/BXXV5ejKjV\" rel=\"noopener\">pic.twitter.com\/BXXV5ejKjV<\/a><\/p>\n<p>&mdash; Pedro Andretta (@pedroisandretta) <a target=\"_blank\" href=\"https:\/\/twitter.com\/pedroisandretta\/status\/1390111331337084930?ref_src=twsrc%5Etfw\" rel=\"noopener\">May 6, 2021<\/a><\/p><\/blockquote>\n<p><script async src=\"https:\/\/platform.twitter.com\/widgets.js\" charset=\"utf-8\"><\/script><\/p>\n<p>[ad_2]<br \/>\n<br \/><a href=\"https:\/\/twitter.com\/pedroisandretta\/statuses\/1390111331337084930\">Fonte<\/a> : Projeto <a href=\"https:\/\/www.pedroandretta.info\/informeci\">Informe-CI<\/a><\/p>\n","protected":false},"excerpt":{"rendered":"<p>[ad_1] (Mal)informado sobre o qu\u00ea? O que significa ser um cidad\u00e3o com educa\u00e7\u00e3o em ci\u00eancias em um mundo digital l A #Educa\u00e7\u00e3oCient\u00edfica engloba tr\u00eas dimens\u00f5es da educa\u00e7\u00e3o: educa\u00e7\u00e3o em ci\u00eancias c\u00edvicas, em ci\u00eancias da m\u00eddia digital e ci\u00eancias cognitivas. #Ci\u00eancia https:\/\/t.co\/ubcoZUqHVC pic.twitter.com\/BXXV5ejKjV &mdash; Pedro Andretta (@pedroisandretta) May 6, 2021 [ad_2] Fonte : Projeto Informe-CI<\/p>\n","protected":false},"author":1,"featured_media":10267,"comment_status":"open","ping_status":"open","sticky":false,"template":"","format":"standard","meta":{"_jetpack_memberships_contains_paid_content":false,"footnotes":"","jetpack_publicize_message":"","jetpack_publicize_feature_enabled":true,"jetpack_social_post_already_shared":true,"jetpack_social_options":{"image_generator_settings":{"template":"highway","default_image_id":0,"font":"","enabled":false},"version":2}},"categories":[21],"tags":[128,2190],"class_list":["post-10266","post","type-post","status-publish","format-standard","has-post-thumbnail","hentry","category-informeci","tag-ciencia","tag-educacaocientifica"],"jetpack_publicize_connections":[],"jetpack_featured_media_url":"https:\/\/i0.wp.com\/www.pedroandretta.info\/index\/wp-content\/uploads\/2021\/05\/Malinformado-sobre-o-que-O-que-significa-ser-um-cidadao.jpg?fit=640%2C871&ssl=1","views":"","jetpack_sharing_enabled":true,"_links":{"self":[{"href":"https:\/\/www.pedroandretta.info\/index\/wp-json\/wp\/v2\/posts\/10266","targetHints":{"allow":["GET"]}}],"collection":[{"href":"https:\/\/www.pedroandretta.info\/index\/wp-json\/wp\/v2\/posts"}],"about":[{"href":"https:\/\/www.pedroandretta.info\/index\/wp-json\/wp\/v2\/types\/post"}],"author":[{"embeddable":true,"href":"https:\/\/www.pedroandretta.info\/index\/wp-json\/wp\/v2\/users\/1"}],"replies":[{"embeddable":true,"href":"https:\/\/www.pedroandretta.info\/index\/wp-json\/wp\/v2\/comments?post=10266"}],"version-history":[{"count":0,"href":"https:\/\/www.pedroandretta.info\/index\/wp-json\/wp\/v2\/posts\/10266\/revisions"}],"wp:featuredmedia":[{"embeddable":true,"href":"https:\/\/www.pedroandretta.info\/index\/wp-json\/wp\/v2\/media\/10267"}],"wp:attachment":[{"href":"https:\/\/www.pedroandretta.info\/index\/wp-json\/wp\/v2\/media?parent=10266"}],"wp:term":[{"taxonomy":"category","embeddable":true,"href":"https:\/\/www.pedroandretta.info\/index\/wp-json\/wp\/v2\/categories?post=10266"},{"taxonomy":"post_tag","embeddable":true,"href":"https:\/\/www.pedroandretta.info\/index\/wp-json\/wp\/v2\/tags?post=10266"}],"curies":[{"name":"wp","href":"https:\/\/api.w.org\/{rel}","templated":true}]}}