{"id":10331,"date":"2021-05-10T15:01:05","date_gmt":"2021-05-10T19:01:05","guid":{"rendered":"https:\/\/www.pedroandretta.info\/index\/?p=10331"},"modified":"2021-05-10T15:01:05","modified_gmt":"2021-05-10T19:01:05","slug":"no-dia-mundial-da-liberdade-de-imprensa-no-brasil-l-o-brasil-ocupa-a-111a-p","status":"publish","type":"post","link":"https:\/\/www.pedroandretta.info\/index\/2021\/05\/no-dia-mundial-da-liberdade-de-imprensa-no-brasil-l-o-brasil-ocupa-a-111a-p\/","title":{"rendered":"No Dia Mundial da Liberdade de Imprensa, no Brasil&#8230; l \u201cO Brasil ocupa a 111\u00aa p&#8230;"},"content":{"rendered":"<p>[ad_1]<br \/>\n<img data-recalc-dims=\"1\" decoding=\"async\" src=\"https:\/\/i0.wp.com\/www.pedroandretta.info\/index\/wp-content\/uploads\/2021\/05\/No-Dia-Mundial-da-Liberdade-de-Imprensa-no-Brasil-l.jpg?w=696&#038;ssl=1\"\/><\/p>\n<blockquote class=\"twitter-tweet\">\n<p lang=\"pt\" dir=\"ltr\">No Dia Mundial da Liberdade de Imprensa, no Brasil&#8230; l \u201cO Brasil ocupa a 111\u00aa posi\u00e7\u00e3o no ranking de <a target=\"_blank\" href=\"https:\/\/twitter.com\/hashtag\/LiberdadeDeImprensa?src=hash&amp;ref_src=twsrc%5Etfw\" rel=\"noopener\">#LiberdadeDeImprensa<\/a> feito pela Organiza\u00e7\u00e3o Rep\u00f3rteres Sem Fronteiras, abaixo de pa\u00edses autorit\u00e1rios como Eti\u00f3pia, Ucr\u00e2nia e Hungria\u201d. via  Jornal da USP <a target=\"_blank\" href=\"https:\/\/t.co\/V4ECvKbuDr\" rel=\"noopener\">https:\/\/t.co\/V4ECvKbuDr<\/a><\/p>\n<p>&mdash; Pedro Andretta (@pedroisandretta) <a target=\"_blank\" href=\"https:\/\/twitter.com\/pedroisandretta\/status\/1391830672076050436?ref_src=twsrc%5Etfw\" rel=\"noopener\">May 10, 2021<\/a><\/p><\/blockquote>\n<p><script async src=\"https:\/\/platform.twitter.com\/widgets.js\" charset=\"utf-8\"><\/script><\/p>\n<p>[ad_2]<br \/>\n<br \/><a href=\"https:\/\/twitter.com\/pedroisandretta\/statuses\/1391830672076050436\">Fonte<\/a> : Projeto <a href=\"https:\/\/www.pedroandretta.info\/informeci\">Informe-CI<\/a><\/p>\n","protected":false},"excerpt":{"rendered":"<p>[ad_1] No Dia Mundial da Liberdade de Imprensa, no Brasil&#8230; l \u201cO Brasil ocupa a 111\u00aa posi\u00e7\u00e3o no ranking de #LiberdadeDeImprensa feito pela Organiza\u00e7\u00e3o Rep\u00f3rteres Sem Fronteiras, abaixo de pa\u00edses autorit\u00e1rios como Eti\u00f3pia, Ucr\u00e2nia e Hungria\u201d. via Jornal da USP https:\/\/t.co\/V4ECvKbuDr &mdash; Pedro Andretta (@pedroisandretta) May 10, 2021 [ad_2] Fonte : Projeto Informe-CI<\/p>\n","protected":false},"author":1,"featured_media":10332,"comment_status":"open","ping_status":"open","sticky":false,"template":"","format":"standard","meta":{"_jetpack_memberships_contains_paid_content":false,"footnotes":"","jetpack_publicize_message":"","jetpack_publicize_feature_enabled":true,"jetpack_social_post_already_shared":true,"jetpack_social_options":{"image_generator_settings":{"template":"highway","default_image_id":0,"font":"","enabled":false},"version":2}},"categories":[21],"tags":[2214],"class_list":["post-10331","post","type-post","status-publish","format-standard","has-post-thumbnail","hentry","category-informeci","tag-liberdadedeimprensa"],"jetpack_publicize_connections":[],"jetpack_featured_media_url":"https:\/\/i0.wp.com\/www.pedroandretta.info\/index\/wp-content\/uploads\/2021\/05\/No-Dia-Mundial-da-Liberdade-de-Imprensa-no-Brasil-l.jpg?fit=1400%2C1400&ssl=1","views":"","jetpack_sharing_enabled":true,"_links":{"self":[{"href":"https:\/\/www.pedroandretta.info\/index\/wp-json\/wp\/v2\/posts\/10331","targetHints":{"allow":["GET"]}}],"collection":[{"href":"https:\/\/www.pedroandretta.info\/index\/wp-json\/wp\/v2\/posts"}],"about":[{"href":"https:\/\/www.pedroandretta.info\/index\/wp-json\/wp\/v2\/types\/post"}],"author":[{"embeddable":true,"href":"https:\/\/www.pedroandretta.info\/index\/wp-json\/wp\/v2\/users\/1"}],"replies":[{"embeddable":true,"href":"https:\/\/www.pedroandretta.info\/index\/wp-json\/wp\/v2\/comments?post=10331"}],"version-history":[{"count":0,"href":"https:\/\/www.pedroandretta.info\/index\/wp-json\/wp\/v2\/posts\/10331\/revisions"}],"wp:featuredmedia":[{"embeddable":true,"href":"https:\/\/www.pedroandretta.info\/index\/wp-json\/wp\/v2\/media\/10332"}],"wp:attachment":[{"href":"https:\/\/www.pedroandretta.info\/index\/wp-json\/wp\/v2\/media?parent=10331"}],"wp:term":[{"taxonomy":"category","embeddable":true,"href":"https:\/\/www.pedroandretta.info\/index\/wp-json\/wp\/v2\/categories?post=10331"},{"taxonomy":"post_tag","embeddable":true,"href":"https:\/\/www.pedroandretta.info\/index\/wp-json\/wp\/v2\/tags?post=10331"}],"curies":[{"name":"wp","href":"https:\/\/api.w.org\/{rel}","templated":true}]}}