{"id":10335,"date":"2021-05-10T19:06:43","date_gmt":"2021-05-10T23:06:43","guid":{"rendered":"https:\/\/www.pedroandretta.info\/index\/?p=10335"},"modified":"2021-05-10T19:06:43","modified_gmt":"2021-05-10T23:06:43","slug":"o-alienista-machado-de-assis-explica-o-brasil-atual-o-brasil-virou-uma-grand","status":"publish","type":"post","link":"https:\/\/www.pedroandretta.info\/index\/2021\/05\/o-alienista-machado-de-assis-explica-o-brasil-atual-o-brasil-virou-uma-grand\/","title":{"rendered":"O Alienista: Machado de Assis explica o Brasil atual | \u201cO Brasil virou uma grand&#8230;"},"content":{"rendered":"<p>[ad_1]<\/p>\n<blockquote class=\"twitter-tweet\">\n<p lang=\"pt\" dir=\"ltr\">O Alienista: Machado de Assis explica o Brasil atual | \u201cO Brasil virou uma grande Itagua\u00ed, onde a gente s\u00e3, nas ruas, se sente fora do contexto. Onde a raz\u00e3o e a Ci\u00eancia perderam a credibilidade, necessariamente.\u201d <a target=\"_blank\" href=\"https:\/\/twitter.com\/hashtag\/Literatura?src=hash&amp;ref_src=twsrc%5Etfw\" rel=\"noopener\">#Literatura<\/a> <a target=\"_blank\" href=\"https:\/\/twitter.com\/hashtag\/Pol%C3%ADtica?src=hash&amp;ref_src=twsrc%5Etfw\" rel=\"noopener\">#Pol\u00edtica<\/a> via Revista Bula <a target=\"_blank\" href=\"https:\/\/t.co\/pdfTIhwsPr\" rel=\"noopener\">https:\/\/t.co\/pdfTIhwsPr<\/a><\/p>\n<p>&mdash; Pedro Andretta (@pedroisandretta) <a target=\"_blank\" href=\"https:\/\/twitter.com\/pedroisandretta\/status\/1391892484293287938?ref_src=twsrc%5Etfw\" rel=\"noopener\">May 10, 2021<\/a><\/p><\/blockquote>\n<p><script async src=\"https:\/\/platform.twitter.com\/widgets.js\" charset=\"utf-8\"><\/script><\/p>\n<p>[ad_2]<br \/>\n<br \/><a href=\"https:\/\/twitter.com\/pedroisandretta\/statuses\/1391892484293287938\">Fonte<\/a> : Projeto <a href=\"https:\/\/www.pedroandretta.info\/informeci\">Informe-CI<\/a><\/p>\n","protected":false},"excerpt":{"rendered":"<p>[ad_1] O Alienista: Machado de Assis explica o Brasil atual | \u201cO Brasil virou uma grande Itagua\u00ed, onde a gente s\u00e3, nas ruas, se sente fora do contexto. Onde a raz\u00e3o e a Ci\u00eancia perderam a credibilidade, necessariamente.\u201d #Literatura #Pol\u00edtica via Revista Bula https:\/\/t.co\/pdfTIhwsPr &mdash; Pedro Andretta (@pedroisandretta) May 10, 2021 [ad_2] Fonte : Projeto<\/p><\/div>\n<div class=\"blog-btn\"><a href=\"https:\/\/www.pedroandretta.info\/index\/2021\/05\/o-alienista-machado-de-assis-explica-o-brasil-atual-o-brasil-virou-uma-grand\/\" class=\"home-blog-btn\">Ler mais<\/a><\/p>\n","protected":false},"author":1,"featured_media":0,"comment_status":"open","ping_status":"open","sticky":false,"template":"","format":"standard","meta":{"_jetpack_memberships_contains_paid_content":false,"footnotes":"","jetpack_publicize_message":"","jetpack_publicize_feature_enabled":true,"jetpack_social_post_already_shared":true,"jetpack_social_options":{"image_generator_settings":{"template":"highway","default_image_id":0,"font":"","enabled":false},"version":2}},"categories":[21],"tags":[150,412],"class_list":["post-10335","post","type-post","status-publish","format-standard","hentry","category-informeci","tag-literatura","tag-politica"],"jetpack_publicize_connections":[],"jetpack_featured_media_url":"","views":"","jetpack_sharing_enabled":true,"_links":{"self":[{"href":"https:\/\/www.pedroandretta.info\/index\/wp-json\/wp\/v2\/posts\/10335","targetHints":{"allow":["GET"]}}],"collection":[{"href":"https:\/\/www.pedroandretta.info\/index\/wp-json\/wp\/v2\/posts"}],"about":[{"href":"https:\/\/www.pedroandretta.info\/index\/wp-json\/wp\/v2\/types\/post"}],"author":[{"embeddable":true,"href":"https:\/\/www.pedroandretta.info\/index\/wp-json\/wp\/v2\/users\/1"}],"replies":[{"embeddable":true,"href":"https:\/\/www.pedroandretta.info\/index\/wp-json\/wp\/v2\/comments?post=10335"}],"version-history":[{"count":0,"href":"https:\/\/www.pedroandretta.info\/index\/wp-json\/wp\/v2\/posts\/10335\/revisions"}],"wp:attachment":[{"href":"https:\/\/www.pedroandretta.info\/index\/wp-json\/wp\/v2\/media?parent=10335"}],"wp:term":[{"taxonomy":"category","embeddable":true,"href":"https:\/\/www.pedroandretta.info\/index\/wp-json\/wp\/v2\/categories?post=10335"},{"taxonomy":"post_tag","embeddable":true,"href":"https:\/\/www.pedroandretta.info\/index\/wp-json\/wp\/v2\/tags?post=10335"}],"curies":[{"name":"wp","href":"https:\/\/api.w.org\/{rel}","templated":true}]}}