{"id":10356,"date":"2021-05-12T14:07:31","date_gmt":"2021-05-12T18:07:31","guid":{"rendered":"https:\/\/www.pedroandretta.info\/index\/?p=10356"},"modified":"2021-05-12T14:07:31","modified_gmt":"2021-05-12T18:07:31","slug":"representacao-na-literaturainfantil-uma-problematica-falta-de-diversidade-l-h","status":"publish","type":"post","link":"https:\/\/www.pedroandretta.info\/index\/2021\/05\/representacao-na-literaturainfantil-uma-problematica-falta-de-diversidade-l-h\/","title":{"rendered":"Representa\u00e7\u00e3o na #LiteraturaInfantil : uma problem\u00e1tica falta de diversidade l H&#8230;"},"content":{"rendered":"<p>[ad_1]<\/p>\n<blockquote class=\"twitter-tweet\">\n<p lang=\"pt\" dir=\"ltr\">Representa\u00e7\u00e3o na <a target=\"_blank\" href=\"https:\/\/twitter.com\/hashtag\/LiteraturaInfantil?src=hash&amp;ref_src=twsrc%5Etfw\" rel=\"noopener\">#LiteraturaInfantil<\/a> : uma problem\u00e1tica falta de diversidade l Hoje em dia, \u00e9 ineg\u00e1vel que reconhecemos a import\u00e2ncia da representa\u00e7\u00e3o, principalmente para o p\u00fablico jovem. <a target=\"_blank\" href=\"https:\/\/twitter.com\/hashtag\/Diversidade?src=hash&amp;ref_src=twsrc%5Etfw\" rel=\"noopener\">#Diversidade<\/a> <a target=\"_blank\" href=\"https:\/\/twitter.com\/hashtag\/Representatividade?src=hash&amp;ref_src=twsrc%5Etfw\" rel=\"noopener\">#Representatividade<\/a> \ud83c\uddeb\ud83c\uddf7 via Monde Du Livre <a target=\"_blank\" href=\"https:\/\/t.co\/xmkzll0lNh\" rel=\"noopener\">https:\/\/t.co\/xmkzll0lNh<\/a><\/p>\n<p>&mdash; Pedro Andretta (@pedroisandretta) <a target=\"_blank\" href=\"https:\/\/twitter.com\/pedroisandretta\/status\/1392541965187694596?ref_src=twsrc%5Etfw\" rel=\"noopener\">May 12, 2021<\/a><\/p><\/blockquote>\n<p><script async src=\"https:\/\/platform.twitter.com\/widgets.js\" charset=\"utf-8\"><\/script><\/p>\n<p>[ad_2]<br \/>\n<br \/><a href=\"https:\/\/twitter.com\/pedroisandretta\/statuses\/1392541965187694596\">Fonte<\/a> : Projeto <a href=\"https:\/\/www.pedroandretta.info\/informeci\">Informe-CI<\/a><\/p>\n","protected":false},"excerpt":{"rendered":"<p>[ad_1] Representa\u00e7\u00e3o na #LiteraturaInfantil : uma problem\u00e1tica falta de diversidade l Hoje em dia, \u00e9 ineg\u00e1vel que reconhecemos a import\u00e2ncia da representa\u00e7\u00e3o, principalmente para o p\u00fablico jovem. #Diversidade #Representatividade \ud83c\uddeb\ud83c\uddf7 via Monde Du Livre https:\/\/t.co\/xmkzll0lNh &mdash; Pedro Andretta (@pedroisandretta) May 12, 2021 [ad_2] Fonte : Projeto Informe-CI<\/p>\n","protected":false},"author":1,"featured_media":0,"comment_status":"open","ping_status":"open","sticky":false,"template":"","format":"standard","meta":{"_jetpack_newsletter_access":"","_jetpack_dont_email_post_to_subs":false,"_jetpack_newsletter_tier_id":0,"_jetpack_memberships_contains_paywalled_content":false,"_jetpack_feature_clip_id":0,"_jetpack_memberships_contains_paid_content":false,"footnotes":"","jetpack_publicize_message":"","jetpack_publicize_feature_enabled":true,"jetpack_social_post_already_shared":true,"jetpack_social_options":{"image_generator_settings":{"template":"highway","default_image_id":0,"font":"","enabled":false},"version":2},"jetpack_post_was_ever_published":false},"categories":[21],"tags":[304,827,953],"class_list":["post-10356","post","type-post","status-publish","format-standard","hentry","category-informeci","tag-diversidade","tag-literaturainfantil","tag-representatividade"],"jetpack_publicize_connections":[],"jetpack_featured_media_url":"","views":"","jetpack_sharing_enabled":true,"_links":{"self":[{"href":"https:\/\/www.pedroandretta.info\/index\/wp-json\/wp\/v2\/posts\/10356","targetHints":{"allow":["GET"]}}],"collection":[{"href":"https:\/\/www.pedroandretta.info\/index\/wp-json\/wp\/v2\/posts"}],"about":[{"href":"https:\/\/www.pedroandretta.info\/index\/wp-json\/wp\/v2\/types\/post"}],"author":[{"embeddable":true,"href":"https:\/\/www.pedroandretta.info\/index\/wp-json\/wp\/v2\/users\/1"}],"replies":[{"embeddable":true,"href":"https:\/\/www.pedroandretta.info\/index\/wp-json\/wp\/v2\/comments?post=10356"}],"version-history":[{"count":0,"href":"https:\/\/www.pedroandretta.info\/index\/wp-json\/wp\/v2\/posts\/10356\/revisions"}],"wp:attachment":[{"href":"https:\/\/www.pedroandretta.info\/index\/wp-json\/wp\/v2\/media?parent=10356"}],"wp:term":[{"taxonomy":"category","embeddable":true,"href":"https:\/\/www.pedroandretta.info\/index\/wp-json\/wp\/v2\/categories?post=10356"},{"taxonomy":"post_tag","embeddable":true,"href":"https:\/\/www.pedroandretta.info\/index\/wp-json\/wp\/v2\/tags?post=10356"}],"curies":[{"name":"wp","href":"https:\/\/api.w.org\/{rel}","templated":true}]}}