{"id":10357,"date":"2021-05-12T13:48:30","date_gmt":"2021-05-12T17:48:30","guid":{"rendered":"https:\/\/www.pedroandretta.info\/index\/?p=10357"},"modified":"2021-05-12T13:48:30","modified_gmt":"2021-05-12T17:48:30","slug":"1933-grande-queima-de-livros-pelos-nazistas-l-no-dia-10-de-maio-de-1933-foram","status":"publish","type":"post","link":"https:\/\/www.pedroandretta.info\/index\/2021\/05\/1933-grande-queima-de-livros-pelos-nazistas-l-no-dia-10-de-maio-de-1933-foram\/","title":{"rendered":"1933: Grande queima de livros pelos nazistas l \u201cNo dia 10 de maio de 1933, foram&#8230;"},"content":{"rendered":"<p>[ad_1]<br \/>\n<img data-recalc-dims=\"1\" decoding=\"async\" src=\"https:\/\/i0.wp.com\/www.pedroandretta.info\/index\/wp-content\/uploads\/2021\/05\/1933-Grande-queima-de-livros-pelos-nazistas-l-No-dia.jpg?w=696&#038;ssl=1\"\/><\/p>\n<blockquote class=\"twitter-tweet\">\n<p lang=\"pt\" dir=\"ltr\">1933: Grande queima de livros pelos nazistas l \u201cNo dia 10 de maio de 1933, foram queimadas em pra\u00e7a p\u00fablica, em v\u00e1rias cidades da Alemanha, as obras de escritores alem\u00e3es inconvenientes ao regime.\u201d <a target=\"_blank\" href=\"https:\/\/twitter.com\/hashtag\/Censura?src=hash&amp;ref_src=twsrc%5Etfw\" rel=\"noopener\">#Censura<\/a> <a target=\"_blank\" href=\"https:\/\/twitter.com\/hashtag\/Nazismo?src=hash&amp;ref_src=twsrc%5Etfw\" rel=\"noopener\">#Nazismo<\/a> <a target=\"_blank\" href=\"https:\/\/twitter.com\/hashtag\/Literatura?src=hash&amp;ref_src=twsrc%5Etfw\" rel=\"noopener\">#Literatura<\/a> via DW <a target=\"_blank\" href=\"https:\/\/t.co\/CJzer1uuZb\" rel=\"noopener\">https:\/\/t.co\/CJzer1uuZb<\/a><\/p>\n<p>&mdash; Pedro Andretta (@pedroisandretta) <a target=\"_blank\" href=\"https:\/\/twitter.com\/pedroisandretta\/status\/1392537179784683521?ref_src=twsrc%5Etfw\" rel=\"noopener\">May 12, 2021<\/a><\/p><\/blockquote>\n<p><script async src=\"https:\/\/platform.twitter.com\/widgets.js\" charset=\"utf-8\"><\/script><\/p>\n<p>[ad_2]<br \/>\n<br \/><a href=\"https:\/\/twitter.com\/pedroisandretta\/statuses\/1392537179784683521\">Fonte<\/a> : Projeto <a href=\"https:\/\/www.pedroandretta.info\/informeci\">Informe-CI<\/a><\/p>\n","protected":false},"excerpt":{"rendered":"<p>[ad_1] 1933: Grande queima de livros pelos nazistas l \u201cNo dia 10 de maio de 1933, foram queimadas em pra\u00e7a p\u00fablica, em v\u00e1rias cidades da Alemanha, as obras de escritores alem\u00e3es inconvenientes ao regime.\u201d #Censura #Nazismo #Literatura via DW https:\/\/t.co\/CJzer1uuZb &mdash; Pedro Andretta (@pedroisandretta) May 12, 2021 [ad_2] Fonte : Projeto Informe-CI<\/p>\n","protected":false},"author":1,"featured_media":10358,"comment_status":"open","ping_status":"open","sticky":false,"template":"","format":"standard","meta":{"_jetpack_memberships_contains_paid_content":false,"footnotes":"","jetpack_publicize_message":"","jetpack_publicize_feature_enabled":true,"jetpack_social_post_already_shared":true,"jetpack_social_options":{"image_generator_settings":{"template":"highway","default_image_id":0,"font":"","enabled":false},"version":2}},"categories":[21],"tags":[168,150,1033],"class_list":["post-10357","post","type-post","status-publish","format-standard","has-post-thumbnail","hentry","category-informeci","tag-censura","tag-literatura","tag-nazismo"],"jetpack_publicize_connections":[],"jetpack_featured_media_url":"https:\/\/i0.wp.com\/www.pedroandretta.info\/index\/wp-content\/uploads\/2021\/05\/1933-Grande-queima-de-livros-pelos-nazistas-l-No-dia.jpg?fit=940%2C529&ssl=1","views":"","jetpack_sharing_enabled":true,"_links":{"self":[{"href":"https:\/\/www.pedroandretta.info\/index\/wp-json\/wp\/v2\/posts\/10357","targetHints":{"allow":["GET"]}}],"collection":[{"href":"https:\/\/www.pedroandretta.info\/index\/wp-json\/wp\/v2\/posts"}],"about":[{"href":"https:\/\/www.pedroandretta.info\/index\/wp-json\/wp\/v2\/types\/post"}],"author":[{"embeddable":true,"href":"https:\/\/www.pedroandretta.info\/index\/wp-json\/wp\/v2\/users\/1"}],"replies":[{"embeddable":true,"href":"https:\/\/www.pedroandretta.info\/index\/wp-json\/wp\/v2\/comments?post=10357"}],"version-history":[{"count":0,"href":"https:\/\/www.pedroandretta.info\/index\/wp-json\/wp\/v2\/posts\/10357\/revisions"}],"wp:featuredmedia":[{"embeddable":true,"href":"https:\/\/www.pedroandretta.info\/index\/wp-json\/wp\/v2\/media\/10358"}],"wp:attachment":[{"href":"https:\/\/www.pedroandretta.info\/index\/wp-json\/wp\/v2\/media?parent=10357"}],"wp:term":[{"taxonomy":"category","embeddable":true,"href":"https:\/\/www.pedroandretta.info\/index\/wp-json\/wp\/v2\/categories?post=10357"},{"taxonomy":"post_tag","embeddable":true,"href":"https:\/\/www.pedroandretta.info\/index\/wp-json\/wp\/v2\/tags?post=10357"}],"curies":[{"name":"wp","href":"https:\/\/api.w.org\/{rel}","templated":true}]}}