{"id":10435,"date":"2021-05-18T14:28:54","date_gmt":"2021-05-18T18:28:54","guid":{"rendered":"https:\/\/www.pedroandretta.info\/index\/?p=10435"},"modified":"2021-05-18T14:28:54","modified_gmt":"2021-05-18T18:28:54","slug":"o-futuro-dos-museus-entre-a-recuperacao-e-a-inovacao-l-o-icom-propoe-o-te","status":"publish","type":"post","link":"https:\/\/www.pedroandretta.info\/index\/2021\/05\/o-futuro-dos-museus-entre-a-recuperacao-e-a-inovacao-l-o-icom-propoe-o-te\/","title":{"rendered":"O futuro dos museus, entre a recupera\u00e7\u00e3o e a inova\u00e7\u00e3o l [&#8230;] o ICOM prop\u00f5e o te&#8230;"},"content":{"rendered":"<p>[ad_1]<\/p>\n<blockquote class=\"twitter-tweet\">\n<p lang=\"pt\" dir=\"ltr\">O futuro dos museus, entre a recupera\u00e7\u00e3o e a inova\u00e7\u00e3o l [&#8230;] o ICOM prop\u00f5e o tema \u2018O futuro dos museus: recuperar e reimaginar\u2019 para o Dia Internacional dos Museus 2021 [&#8230;].\u201d <a target=\"_blank\" href=\"https:\/\/twitter.com\/hashtag\/Museologia?src=hash&amp;ref_src=twsrc%5Etfw\" rel=\"noopener\">#Museologia<\/a> <a target=\"_blank\" href=\"https:\/\/twitter.com\/hashtag\/Museus?src=hash&amp;ref_src=twsrc%5Etfw\" rel=\"noopener\">#Museus<\/a> <a target=\"_blank\" href=\"https:\/\/twitter.com\/hashtag\/MuseuParticipativo?src=hash&amp;ref_src=twsrc%5Etfw\" rel=\"noopener\">#MuseuParticipativo<\/a> <a target=\"_blank\" href=\"https:\/\/twitter.com\/hashtag\/Cocria%C3%A7%C3%A3o?src=hash&amp;ref_src=twsrc%5Etfw\" rel=\"noopener\">#Cocria\u00e7\u00e3o<\/a>  via  amusearte <a target=\"_blank\" href=\"https:\/\/t.co\/cOSfai9Zqi\" rel=\"noopener\">https:\/\/t.co\/cOSfai9Zqi<\/a><\/p>\n<p>&mdash; Pedro Andretta (@pedroisandretta) <a target=\"_blank\" href=\"https:\/\/twitter.com\/pedroisandretta\/status\/1394721674164060161?ref_src=twsrc%5Etfw\" rel=\"noopener\">May 18, 2021<\/a><\/p><\/blockquote>\n<p><script async src=\"https:\/\/platform.twitter.com\/widgets.js\" charset=\"utf-8\"><\/script><\/p>\n<p>[ad_2]<br \/>\n<br \/><a href=\"https:\/\/twitter.com\/pedroisandretta\/statuses\/1394721674164060161\">Fonte<\/a> : Projeto <a href=\"https:\/\/www.pedroandretta.info\/informeci\">Informe-CI<\/a><\/p>\n","protected":false},"excerpt":{"rendered":"<p>[ad_1] O futuro dos museus, entre a recupera\u00e7\u00e3o e a inova\u00e7\u00e3o l [&#8230;] o ICOM prop\u00f5e o tema \u2018O futuro dos museus: recuperar e reimaginar\u2019 para o Dia Internacional dos Museus 2021 [&#8230;].\u201d #Museologia #Museus #MuseuParticipativo #Cocria\u00e7\u00e3o via amusearte https:\/\/t.co\/cOSfai9Zqi &mdash; Pedro Andretta (@pedroisandretta) May 18, 2021 [ad_2] Fonte : Projeto Informe-CI<\/p>\n","protected":false},"author":1,"featured_media":0,"comment_status":"open","ping_status":"open","sticky":false,"template":"","format":"standard","meta":{"_jetpack_memberships_contains_paid_content":false,"footnotes":"","jetpack_publicize_message":"","jetpack_publicize_feature_enabled":true,"jetpack_social_post_already_shared":true,"jetpack_social_options":{"image_generator_settings":{"template":"highway","default_image_id":0,"font":"","enabled":false},"version":2}},"categories":[21],"tags":[2245,53,2244,34],"class_list":["post-10435","post","type-post","status-publish","format-standard","hentry","category-informeci","tag-cocriacao","tag-museologia","tag-museuparticipativo","tag-museus"],"jetpack_publicize_connections":[],"jetpack_featured_media_url":"","views":"","jetpack_sharing_enabled":true,"_links":{"self":[{"href":"https:\/\/www.pedroandretta.info\/index\/wp-json\/wp\/v2\/posts\/10435","targetHints":{"allow":["GET"]}}],"collection":[{"href":"https:\/\/www.pedroandretta.info\/index\/wp-json\/wp\/v2\/posts"}],"about":[{"href":"https:\/\/www.pedroandretta.info\/index\/wp-json\/wp\/v2\/types\/post"}],"author":[{"embeddable":true,"href":"https:\/\/www.pedroandretta.info\/index\/wp-json\/wp\/v2\/users\/1"}],"replies":[{"embeddable":true,"href":"https:\/\/www.pedroandretta.info\/index\/wp-json\/wp\/v2\/comments?post=10435"}],"version-history":[{"count":0,"href":"https:\/\/www.pedroandretta.info\/index\/wp-json\/wp\/v2\/posts\/10435\/revisions"}],"wp:attachment":[{"href":"https:\/\/www.pedroandretta.info\/index\/wp-json\/wp\/v2\/media?parent=10435"}],"wp:term":[{"taxonomy":"category","embeddable":true,"href":"https:\/\/www.pedroandretta.info\/index\/wp-json\/wp\/v2\/categories?post=10435"},{"taxonomy":"post_tag","embeddable":true,"href":"https:\/\/www.pedroandretta.info\/index\/wp-json\/wp\/v2\/tags?post=10435"}],"curies":[{"name":"wp","href":"https:\/\/api.w.org\/{rel}","templated":true}]}}