{"id":10450,"date":"2021-05-20T13:05:03","date_gmt":"2021-05-20T17:05:03","guid":{"rendered":"https:\/\/www.pedroandretta.info\/index\/?p=10450"},"modified":"2021-05-20T13:05:03","modified_gmt":"2021-05-20T17:05:03","slug":"maraca-l-emergencia-indigena-e-a-frente-do-movimento-indigena-no-brasil-no-enfar","status":"publish","type":"post","link":"https:\/\/www.pedroandretta.info\/index\/2021\/05\/maraca-l-emergencia-indigena-e-a-frente-do-movimento-indigena-no-brasil-no-enfar\/","title":{"rendered":"Marac\u00e1 l Emerg\u00eancia Ind\u00edgena \u00e9 a frente do movimento ind\u00edgena no Brasil no enfar&#8230;"},"content":{"rendered":"<p>[ad_1]<\/p>\n<blockquote class=\"twitter-tweet\">\n<p lang=\"pt\" dir=\"ltr\">Marac\u00e1 l Emerg\u00eancia Ind\u00edgena \u00e9 a frente do movimento ind\u00edgena no Brasil no enfartamento da pandemia de Covid19 e sua expans\u00e3o sobre os territ\u00f3rios e povos origin\u00e1rios. Document\u00e1rio com 8 epis\u00f3dios.  <a target=\"_blank\" href=\"https:\/\/twitter.com\/hashtag\/Document%C3%A1rios?src=hash&amp;ref_src=twsrc%5Etfw\" rel=\"noopener\">#Document\u00e1rios<\/a> <a target=\"_blank\" href=\"https:\/\/twitter.com\/hashtag\/Ind%C3%ADgenas?src=hash&amp;ref_src=twsrc%5Etfw\" rel=\"noopener\">#Ind\u00edgenas<\/a> <a target=\"_blank\" href=\"https:\/\/twitter.com\/hashtag\/Genoc%C3%ADdio?src=hash&amp;ref_src=twsrc%5Etfw\" rel=\"noopener\">#Genoc\u00eddio<\/a>  <a target=\"_blank\" href=\"https:\/\/twitter.com\/hashtag\/Covid19?src=hash&amp;ref_src=twsrc%5Etfw\" rel=\"noopener\">#Covid19<\/a>  via <a target=\"_blank\" href=\"https:\/\/t.co\/aClRnAjUVg\" rel=\"noopener\">https:\/\/t.co\/aClRnAjUVg<\/a><\/p>\n<p>&mdash; Pedro Andretta (@pedroisandretta) <a target=\"_blank\" href=\"https:\/\/twitter.com\/pedroisandretta\/status\/1395425347072626689?ref_src=twsrc%5Etfw\" rel=\"noopener\">May 20, 2021<\/a><\/p><\/blockquote>\n<p><script async src=\"https:\/\/platform.twitter.com\/widgets.js\" charset=\"utf-8\"><\/script><\/p>\n<p>[ad_2]<br \/>\n<br \/><a href=\"https:\/\/twitter.com\/pedroisandretta\/statuses\/1395425347072626689\">Fonte<\/a> : Projeto <a href=\"https:\/\/www.pedroandretta.info\/informeci\">Informe-CI<\/a><\/p>\n","protected":false},"excerpt":{"rendered":"<p>[ad_1] Marac\u00e1 l Emerg\u00eancia Ind\u00edgena \u00e9 a frente do movimento ind\u00edgena no Brasil no enfartamento da pandemia de Covid19 e sua expans\u00e3o sobre os territ\u00f3rios e povos origin\u00e1rios. Document\u00e1rio com 8 epis\u00f3dios. #Document\u00e1rios #Ind\u00edgenas #Genoc\u00eddio #Covid19 via https:\/\/t.co\/aClRnAjUVg &mdash; Pedro Andretta (@pedroisandretta) May 20, 2021 [ad_2] Fonte : Projeto Informe-CI<\/p>\n","protected":false},"author":1,"featured_media":0,"comment_status":"open","ping_status":"open","sticky":false,"template":"","format":"standard","meta":{"_jetpack_memberships_contains_paid_content":false,"footnotes":"","jetpack_publicize_message":"","jetpack_publicize_feature_enabled":true,"jetpack_social_post_already_shared":true,"jetpack_social_options":{"image_generator_settings":{"template":"highway","default_image_id":0,"font":"","enabled":false},"version":2}},"categories":[21],"tags":[618,1885,2249,2700],"class_list":["post-10450","post","type-post","status-publish","format-standard","hentry","category-informeci","tag-covid19","tag-documentarios","tag-genocidio","tag-povosindigenas"],"jetpack_publicize_connections":[],"jetpack_featured_media_url":"","views":"","jetpack_sharing_enabled":true,"_links":{"self":[{"href":"https:\/\/www.pedroandretta.info\/index\/wp-json\/wp\/v2\/posts\/10450","targetHints":{"allow":["GET"]}}],"collection":[{"href":"https:\/\/www.pedroandretta.info\/index\/wp-json\/wp\/v2\/posts"}],"about":[{"href":"https:\/\/www.pedroandretta.info\/index\/wp-json\/wp\/v2\/types\/post"}],"author":[{"embeddable":true,"href":"https:\/\/www.pedroandretta.info\/index\/wp-json\/wp\/v2\/users\/1"}],"replies":[{"embeddable":true,"href":"https:\/\/www.pedroandretta.info\/index\/wp-json\/wp\/v2\/comments?post=10450"}],"version-history":[{"count":0,"href":"https:\/\/www.pedroandretta.info\/index\/wp-json\/wp\/v2\/posts\/10450\/revisions"}],"wp:attachment":[{"href":"https:\/\/www.pedroandretta.info\/index\/wp-json\/wp\/v2\/media?parent=10450"}],"wp:term":[{"taxonomy":"category","embeddable":true,"href":"https:\/\/www.pedroandretta.info\/index\/wp-json\/wp\/v2\/categories?post=10450"},{"taxonomy":"post_tag","embeddable":true,"href":"https:\/\/www.pedroandretta.info\/index\/wp-json\/wp\/v2\/tags?post=10450"}],"curies":[{"name":"wp","href":"https:\/\/api.w.org\/{rel}","templated":true}]}}