{"id":10471,"date":"2021-05-22T06:15:06","date_gmt":"2021-05-22T10:15:06","guid":{"rendered":"https:\/\/www.pedroandretta.info\/index\/?p=10471"},"modified":"2021-05-22T06:15:06","modified_gmt":"2021-05-22T10:15:06","slug":"mediacoes-da-informacao-sentidos-socio-historicos-l-aborda-a-perspectiva-dial","status":"publish","type":"post","link":"https:\/\/www.pedroandretta.info\/index\/2021\/05\/mediacoes-da-informacao-sentidos-socio-historicos-l-aborda-a-perspectiva-dial\/","title":{"rendered":"Media\u00e7\u00f5es da informa\u00e7\u00e3o: sentidos s\u00f3cio-hist\u00f3ricos l  \nAborda a perspectiva dial&#8230;"},"content":{"rendered":"<p>[ad_1]<\/p>\n<blockquote class=\"twitter-tweet\">\n<p lang=\"pt\" dir=\"ltr\">Media\u00e7\u00f5es da informa\u00e7\u00e3o: sentidos s\u00f3cio-hist\u00f3ricos l  <br \/>Aborda a perspectiva dial\u00e9tica das media\u00e7\u00f5es e a economia pol\u00edtica dos textos e escritas na web, apontando para a dial\u00e9tica entre formatos document\u00e1rios e suas rela\u00e7\u00f5es sociais. <a target=\"_blank\" href=\"https:\/\/twitter.com\/hashtag\/Media%C3%A7%C3%A3oDaInforma%C3%A7%C3%A3o?src=hash&amp;ref_src=twsrc%5Etfw\" rel=\"noopener\">#Media\u00e7\u00e3oDaInforma\u00e7\u00e3o<\/a> <a target=\"_blank\" href=\"https:\/\/t.co\/cxr2yQ2DTs\" rel=\"noopener\">https:\/\/t.co\/cxr2yQ2DTs<\/a> <a target=\"_blank\" href=\"https:\/\/t.co\/XVECTJHb9H\" rel=\"noopener\">pic.twitter.com\/XVECTJHb9H<\/a><\/p>\n<p>&mdash; Pedro Andretta (@pedroisandretta) <a target=\"_blank\" href=\"https:\/\/twitter.com\/pedroisandretta\/status\/1396046958087843840?ref_src=twsrc%5Etfw\" rel=\"noopener\">May 22, 2021<\/a><\/p><\/blockquote>\n<p><script async src=\"https:\/\/platform.twitter.com\/widgets.js\" charset=\"utf-8\"><\/script><\/p>\n<p>[ad_2]<br \/>\n<br \/><a href=\"https:\/\/twitter.com\/pedroisandretta\/statuses\/1396046958087843840\">Fonte<\/a> : Projeto <a href=\"https:\/\/www.pedroandretta.info\/informeci\">Informe-CI<\/a><\/p>\n","protected":false},"excerpt":{"rendered":"<p>[ad_1] Media\u00e7\u00f5es da informa\u00e7\u00e3o: sentidos s\u00f3cio-hist\u00f3ricos l Aborda a perspectiva dial\u00e9tica das media\u00e7\u00f5es e a economia pol\u00edtica dos textos e escritas na web, apontando para a dial\u00e9tica entre formatos document\u00e1rios e suas rela\u00e7\u00f5es sociais. #Media\u00e7\u00e3oDaInforma\u00e7\u00e3o https:\/\/t.co\/cxr2yQ2DTs pic.twitter.com\/XVECTJHb9H &mdash; Pedro Andretta (@pedroisandretta) May 22, 2021 [ad_2] Fonte : Projeto Informe-CI<\/p>\n","protected":false},"author":1,"featured_media":10472,"comment_status":"open","ping_status":"open","sticky":false,"template":"","format":"standard","meta":{"_jetpack_newsletter_access":"","_jetpack_dont_email_post_to_subs":false,"_jetpack_newsletter_tier_id":0,"_jetpack_memberships_contains_paywalled_content":false,"_jetpack_feature_clip_id":0,"_jetpack_memberships_contains_paid_content":false,"footnotes":"","jetpack_publicize_message":"","jetpack_publicize_feature_enabled":true,"jetpack_social_post_already_shared":true,"jetpack_social_options":{"image_generator_settings":{"template":"highway","default_image_id":0,"font":"","enabled":false},"version":2},"jetpack_post_was_ever_published":false},"categories":[21],"tags":[509],"class_list":["post-10471","post","type-post","status-publish","format-standard","has-post-thumbnail","hentry","category-informeci","tag-mediacaodainformacao"],"jetpack_publicize_connections":[],"jetpack_featured_media_url":"https:\/\/i0.wp.com\/www.pedroandretta.info\/index\/wp-content\/uploads\/2021\/05\/Mediacoes-da-informacao-sentidos-socio-historicos-l-Aborda-a-perspectiva-dial.jpg?fit=552%2C870&ssl=1","views":"","jetpack_sharing_enabled":true,"_links":{"self":[{"href":"https:\/\/www.pedroandretta.info\/index\/wp-json\/wp\/v2\/posts\/10471","targetHints":{"allow":["GET"]}}],"collection":[{"href":"https:\/\/www.pedroandretta.info\/index\/wp-json\/wp\/v2\/posts"}],"about":[{"href":"https:\/\/www.pedroandretta.info\/index\/wp-json\/wp\/v2\/types\/post"}],"author":[{"embeddable":true,"href":"https:\/\/www.pedroandretta.info\/index\/wp-json\/wp\/v2\/users\/1"}],"replies":[{"embeddable":true,"href":"https:\/\/www.pedroandretta.info\/index\/wp-json\/wp\/v2\/comments?post=10471"}],"version-history":[{"count":0,"href":"https:\/\/www.pedroandretta.info\/index\/wp-json\/wp\/v2\/posts\/10471\/revisions"}],"wp:featuredmedia":[{"embeddable":true,"href":"https:\/\/www.pedroandretta.info\/index\/wp-json\/wp\/v2\/media\/10472"}],"wp:attachment":[{"href":"https:\/\/www.pedroandretta.info\/index\/wp-json\/wp\/v2\/media?parent=10471"}],"wp:term":[{"taxonomy":"category","embeddable":true,"href":"https:\/\/www.pedroandretta.info\/index\/wp-json\/wp\/v2\/categories?post=10471"},{"taxonomy":"post_tag","embeddable":true,"href":"https:\/\/www.pedroandretta.info\/index\/wp-json\/wp\/v2\/tags?post=10471"}],"curies":[{"name":"wp","href":"https:\/\/api.w.org\/{rel}","templated":true}]}}