{"id":10477,"date":"2021-05-22T20:03:36","date_gmt":"2021-05-23T00:03:36","guid":{"rendered":"https:\/\/www.pedroandretta.info\/index\/?p=10477"},"modified":"2021-05-22T20:03:36","modified_gmt":"2021-05-23T00:03:36","slug":"em-compasso-diferente-l-pesquisa-analisa-a-relacao-de-professores-e-alunos-com","status":"publish","type":"post","link":"https:\/\/www.pedroandretta.info\/index\/2021\/05\/em-compasso-diferente-l-pesquisa-analisa-a-relacao-de-professores-e-alunos-com\/","title":{"rendered":"Em compasso diferente l \u201cPesquisa analisa a rela\u00e7\u00e3o de professores e alunos com &#8230;"},"content":{"rendered":"<p>[ad_1]<\/p>\n<blockquote class=\"twitter-tweet\">\n<p lang=\"pt\" dir=\"ltr\">Em compasso diferente l \u201cPesquisa analisa a rela\u00e7\u00e3o de professores e alunos com os meios de comunica\u00e7\u00e3o e aponta para a falta de pol\u00edticas p\u00fablicas voltadas para essa \u00e1rea\u201d <a target=\"_blank\" href=\"https:\/\/twitter.com\/hashtag\/Comunica%C3%A7%C3%A3o?src=hash&amp;ref_src=twsrc%5Etfw\" rel=\"noopener\">#Comunica\u00e7\u00e3o<\/a> <a target=\"_blank\" href=\"https:\/\/twitter.com\/hashtag\/RedesSociais?src=hash&amp;ref_src=twsrc%5Etfw\" rel=\"noopener\">#RedesSociais<\/a> <a target=\"_blank\" href=\"https:\/\/twitter.com\/hashtag\/EnsinoB%C3%A1sico?src=hash&amp;ref_src=twsrc%5Etfw\" rel=\"noopener\">#EnsinoB\u00e1sico<\/a> <a target=\"_blank\" href=\"https:\/\/twitter.com\/hashtag\/Educa%C3%A7%C3%A3oB%C3%A1sica?src=hash&amp;ref_src=twsrc%5Etfw\" rel=\"noopener\">#Educa\u00e7\u00e3oB\u00e1sica<\/a> via Pesquisa Fapesp <a target=\"_blank\" href=\"https:\/\/t.co\/4TzYoWj2aN\" rel=\"noopener\">https:\/\/t.co\/4TzYoWj2aN<\/a><\/p>\n<p>&mdash; Pedro Andretta (@pedroisandretta) <a target=\"_blank\" href=\"https:\/\/twitter.com\/pedroisandretta\/status\/1396255457396862976?ref_src=twsrc%5Etfw\" rel=\"noopener\">May 23, 2021<\/a><\/p><\/blockquote>\n<p><script async src=\"https:\/\/platform.twitter.com\/widgets.js\" charset=\"utf-8\"><\/script><\/p>\n<p>[ad_2]<br \/>\n<br \/><a href=\"https:\/\/twitter.com\/pedroisandretta\/statuses\/1396255457396862976\">Fonte<\/a> : Projeto <a href=\"https:\/\/www.pedroandretta.info\/informeci\">Informe-CI<\/a><\/p>\n","protected":false},"excerpt":{"rendered":"<p>[ad_1] Em compasso diferente l \u201cPesquisa analisa a rela\u00e7\u00e3o de professores e alunos com os meios de comunica\u00e7\u00e3o e aponta para a falta de pol\u00edticas p\u00fablicas voltadas para essa \u00e1rea\u201d #Comunica\u00e7\u00e3o #RedesSociais #EnsinoB\u00e1sico #Educa\u00e7\u00e3oB\u00e1sica via Pesquisa Fapesp https:\/\/t.co\/4TzYoWj2aN &mdash; Pedro Andretta (@pedroisandretta) May 23, 2021 [ad_2] Fonte : Projeto Informe-CI<\/p>\n","protected":false},"author":1,"featured_media":0,"comment_status":"open","ping_status":"open","sticky":false,"template":"","format":"standard","meta":{"_jetpack_newsletter_access":"","_jetpack_dont_email_post_to_subs":false,"_jetpack_newsletter_tier_id":0,"_jetpack_memberships_contains_paywalled_content":false,"_jetpack_feature_clip_id":0,"_jetpack_memberships_contains_paid_content":false,"footnotes":"","jetpack_publicize_message":"","jetpack_publicize_feature_enabled":true,"jetpack_social_post_already_shared":true,"jetpack_social_options":{"image_generator_settings":{"template":"highway","default_image_id":0,"font":"","enabled":false},"version":2},"jetpack_post_was_ever_published":false},"categories":[21],"tags":[513,1952,154],"class_list":["post-10477","post","type-post","status-publish","format-standard","hentry","category-informeci","tag-comunicacao","tag-educacaobasica","tag-redessociais"],"jetpack_publicize_connections":[],"jetpack_featured_media_url":"","views":"","jetpack_sharing_enabled":true,"_links":{"self":[{"href":"https:\/\/www.pedroandretta.info\/index\/wp-json\/wp\/v2\/posts\/10477","targetHints":{"allow":["GET"]}}],"collection":[{"href":"https:\/\/www.pedroandretta.info\/index\/wp-json\/wp\/v2\/posts"}],"about":[{"href":"https:\/\/www.pedroandretta.info\/index\/wp-json\/wp\/v2\/types\/post"}],"author":[{"embeddable":true,"href":"https:\/\/www.pedroandretta.info\/index\/wp-json\/wp\/v2\/users\/1"}],"replies":[{"embeddable":true,"href":"https:\/\/www.pedroandretta.info\/index\/wp-json\/wp\/v2\/comments?post=10477"}],"version-history":[{"count":0,"href":"https:\/\/www.pedroandretta.info\/index\/wp-json\/wp\/v2\/posts\/10477\/revisions"}],"wp:attachment":[{"href":"https:\/\/www.pedroandretta.info\/index\/wp-json\/wp\/v2\/media?parent=10477"}],"wp:term":[{"taxonomy":"category","embeddable":true,"href":"https:\/\/www.pedroandretta.info\/index\/wp-json\/wp\/v2\/categories?post=10477"},{"taxonomy":"post_tag","embeddable":true,"href":"https:\/\/www.pedroandretta.info\/index\/wp-json\/wp\/v2\/tags?post=10477"}],"curies":[{"name":"wp","href":"https:\/\/api.w.org\/{rel}","templated":true}]}}