{"id":10527,"date":"2021-05-26T13:32:07","date_gmt":"2021-05-26T17:32:07","guid":{"rendered":"https:\/\/www.pedroandretta.info\/index\/?p=10527"},"modified":"2021-05-26T13:32:07","modified_gmt":"2021-05-26T17:32:07","slug":"biblioteca-publica-digital-dos-estados-unidos-firma-acordo-com-amazon-para-incor","status":"publish","type":"post","link":"https:\/\/www.pedroandretta.info\/index\/2021\/05\/biblioteca-publica-digital-dos-estados-unidos-firma-acordo-com-amazon-para-incor\/","title":{"rendered":"Biblioteca p\u00fablica digital dos Estados Unidos firma acordo com Amazon para incor&#8230;"},"content":{"rendered":"<p>[ad_1]<br \/>\n<img data-recalc-dims=\"1\" decoding=\"async\" src=\"https:\/\/i0.wp.com\/www.pedroandretta.info\/index\/wp-content\/uploads\/2021\/05\/Biblioteca-publica-digital-dos-Estados-Unidos-firma-acordo-com-Amazon.jpg?w=696&#038;ssl=1\"\/><\/p>\n<blockquote class=\"twitter-tweet\">\n<p lang=\"pt\" dir=\"ltr\">Biblioteca p\u00fablica digital dos Estados Unidos firma acordo com Amazon para incorpora\u00e7\u00e3o de seus conte\u00fados l \u201cEsta \u00e9 a primeira vez que o conte\u00fado digital da Amazon Publishing foi disponibilizado para <a target=\"_blank\" href=\"https:\/\/twitter.com\/hashtag\/Bibliotecas?src=hash&amp;ref_src=twsrc%5Etfw\" rel=\"noopener\">#Bibliotecas<\/a> \u201d <a target=\"_blank\" href=\"https:\/\/twitter.com\/hashtag\/Amazon?src=hash&amp;ref_src=twsrc%5Etfw\" rel=\"noopener\">#Amazon<\/a> <a target=\"_blank\" href=\"https:\/\/twitter.com\/hashtag\/Ebooks?src=hash&amp;ref_src=twsrc%5Etfw\" rel=\"noopener\">#Ebooks<\/a> <a target=\"_blank\" href=\"https:\/\/twitter.com\/hashtag\/DPLA?src=hash&amp;ref_src=twsrc%5Etfw\" rel=\"noopener\">#DPLA<\/a>  \ud83c\uddea\ud83c\uddf8 via PublishNews <a target=\"_blank\" href=\"https:\/\/t.co\/OxSoFCendX\" rel=\"noopener\">https:\/\/t.co\/OxSoFCendX<\/a><\/p>\n<p>&mdash; Pedro Andretta (@pedroisandretta) <a target=\"_blank\" href=\"https:\/\/twitter.com\/pedroisandretta\/status\/1397606486977753090?ref_src=twsrc%5Etfw\" rel=\"noopener\">May 26, 2021<\/a><\/p><\/blockquote>\n<p><script async src=\"https:\/\/platform.twitter.com\/widgets.js\" charset=\"utf-8\"><\/script><\/p>\n<p>[ad_2]<br \/>\n<br \/><a href=\"https:\/\/twitter.com\/pedroisandretta\/statuses\/1397606486977753090\">Fonte<\/a> : Projeto <a href=\"https:\/\/www.pedroandretta.info\/informeci\">Informe-CI<\/a><\/p>\n","protected":false},"excerpt":{"rendered":"<p>[ad_1] Biblioteca p\u00fablica digital dos Estados Unidos firma acordo com Amazon para incorpora\u00e7\u00e3o de seus conte\u00fados l \u201cEsta \u00e9 a primeira vez que o conte\u00fado digital da Amazon Publishing foi disponibilizado para #Bibliotecas \u201d #Amazon #Ebooks #DPLA \ud83c\uddea\ud83c\uddf8 via PublishNews https:\/\/t.co\/OxSoFCendX &mdash; Pedro Andretta (@pedroisandretta) May 26, 2021 [ad_2] Fonte : Projeto Informe-CI<\/p>\n","protected":false},"author":1,"featured_media":10528,"comment_status":"open","ping_status":"open","sticky":false,"template":"","format":"standard","meta":{"_jetpack_memberships_contains_paid_content":false,"footnotes":"","jetpack_publicize_message":"","jetpack_publicize_feature_enabled":true,"jetpack_social_post_already_shared":true,"jetpack_social_options":{"image_generator_settings":{"template":"highway","default_image_id":0,"font":"","enabled":false},"version":2}},"categories":[21],"tags":[521,38,2268,146],"class_list":["post-10527","post","type-post","status-publish","format-standard","has-post-thumbnail","hentry","category-informeci","tag-amazon","tag-bibliotecas","tag-dpla","tag-ebooks"],"jetpack_publicize_connections":[],"jetpack_featured_media_url":"https:\/\/i0.wp.com\/www.pedroandretta.info\/index\/wp-content\/uploads\/2021\/05\/Biblioteca-publica-digital-dos-Estados-Unidos-firma-acordo-com-Amazon.jpg?fit=900%2C471&ssl=1","views":"","jetpack_sharing_enabled":true,"_links":{"self":[{"href":"https:\/\/www.pedroandretta.info\/index\/wp-json\/wp\/v2\/posts\/10527","targetHints":{"allow":["GET"]}}],"collection":[{"href":"https:\/\/www.pedroandretta.info\/index\/wp-json\/wp\/v2\/posts"}],"about":[{"href":"https:\/\/www.pedroandretta.info\/index\/wp-json\/wp\/v2\/types\/post"}],"author":[{"embeddable":true,"href":"https:\/\/www.pedroandretta.info\/index\/wp-json\/wp\/v2\/users\/1"}],"replies":[{"embeddable":true,"href":"https:\/\/www.pedroandretta.info\/index\/wp-json\/wp\/v2\/comments?post=10527"}],"version-history":[{"count":0,"href":"https:\/\/www.pedroandretta.info\/index\/wp-json\/wp\/v2\/posts\/10527\/revisions"}],"wp:featuredmedia":[{"embeddable":true,"href":"https:\/\/www.pedroandretta.info\/index\/wp-json\/wp\/v2\/media\/10528"}],"wp:attachment":[{"href":"https:\/\/www.pedroandretta.info\/index\/wp-json\/wp\/v2\/media?parent=10527"}],"wp:term":[{"taxonomy":"category","embeddable":true,"href":"https:\/\/www.pedroandretta.info\/index\/wp-json\/wp\/v2\/categories?post=10527"},{"taxonomy":"post_tag","embeddable":true,"href":"https:\/\/www.pedroandretta.info\/index\/wp-json\/wp\/v2\/tags?post=10527"}],"curies":[{"name":"wp","href":"https:\/\/api.w.org\/{rel}","templated":true}]}}