{"id":10530,"date":"2021-05-26T18:04:49","date_gmt":"2021-05-26T22:04:49","guid":{"rendered":"https:\/\/www.pedroandretta.info\/index\/?p=10530"},"modified":"2021-05-26T18:04:49","modified_gmt":"2021-05-26T22:04:49","slug":"conhecimento-e-aplicacao-da-framework-para-a-literacia-da-informacao-em-bibliote","status":"publish","type":"post","link":"https:\/\/www.pedroandretta.info\/index\/2021\/05\/conhecimento-e-aplicacao-da-framework-para-a-literacia-da-informacao-em-bibliote\/","title":{"rendered":"Conhecimento e aplica\u00e7\u00e3o da Framework para a Literacia da Informa\u00e7\u00e3o em bibliote&#8230;"},"content":{"rendered":"<p>[ad_1]<\/p>\n<blockquote class=\"twitter-tweet\">\n<p lang=\"pt\" dir=\"ltr\">Conhecimento e aplica\u00e7\u00e3o da Framework para a Literacia da Informa\u00e7\u00e3o em bibliotecas de Institui\u00e7\u00f5es de Ensino Superior em Portugal l  <a target=\"_blank\" href=\"https:\/\/twitter.com\/hashtag\/BibliotecasUniversit%C3%A1rias?src=hash&amp;ref_src=twsrc%5Etfw\" rel=\"noopener\">#BibliotecasUniversit\u00e1rias<\/a> est\u00e3o adotando o Framework For Information Literacy For Higher Education (ACRL, 2016)? <a target=\"_blank\" href=\"https:\/\/twitter.com\/hashtag\/Coinfo?src=hash&amp;ref_src=twsrc%5Etfw\" rel=\"noopener\">#Coinfo<\/a> <a target=\"_blank\" href=\"https:\/\/t.co\/3WkUmdD9RL\" rel=\"noopener\">https:\/\/t.co\/3WkUmdD9RL<\/a> <a target=\"_blank\" href=\"https:\/\/t.co\/z1OKLhjqf5\" rel=\"noopener\">pic.twitter.com\/z1OKLhjqf5<\/a><\/p>\n<p>&mdash; Pedro Andretta (@pedroisandretta) <a target=\"_blank\" href=\"https:\/\/twitter.com\/pedroisandretta\/status\/1397675112833425412?ref_src=twsrc%5Etfw\" rel=\"noopener\">May 26, 2021<\/a><\/p><\/blockquote>\n<p><script async src=\"https:\/\/platform.twitter.com\/widgets.js\" charset=\"utf-8\"><\/script><\/p>\n<p>[ad_2]<br \/>\n<br \/><a href=\"https:\/\/twitter.com\/pedroisandretta\/statuses\/1397675112833425412\">Fonte<\/a> : Projeto <a href=\"https:\/\/www.pedroandretta.info\/informeci\">Informe-CI<\/a><\/p>\n","protected":false},"excerpt":{"rendered":"<p>[ad_1] Conhecimento e aplica\u00e7\u00e3o da Framework para a Literacia da Informa\u00e7\u00e3o em bibliotecas de Institui\u00e7\u00f5es de Ensino Superior em Portugal l #BibliotecasUniversit\u00e1rias est\u00e3o adotando o Framework For Information Literacy For Higher Education (ACRL, 2016)? #Coinfo https:\/\/t.co\/3WkUmdD9RL pic.twitter.com\/z1OKLhjqf5 &mdash; Pedro Andretta (@pedroisandretta) May 26, 2021 [ad_2] Fonte : Projeto Informe-CI<\/p>\n","protected":false},"author":1,"featured_media":10531,"comment_status":"open","ping_status":"open","sticky":false,"template":"","format":"standard","meta":{"_jetpack_memberships_contains_paid_content":false,"footnotes":"","jetpack_publicize_message":"","jetpack_publicize_feature_enabled":true,"jetpack_social_post_already_shared":true,"jetpack_social_options":{"image_generator_settings":{"template":"highway","default_image_id":0,"font":"","enabled":false},"version":2}},"categories":[21],"tags":[114,46],"class_list":["post-10530","post","type-post","status-publish","format-standard","has-post-thumbnail","hentry","category-informeci","tag-bibliotecasuniversitarias","tag-coinfo"],"jetpack_publicize_connections":[],"jetpack_featured_media_url":"https:\/\/i0.wp.com\/www.pedroandretta.info\/index\/wp-content\/uploads\/2021\/05\/Conhecimento-e-aplicacao-da-Framework-para-a-Literacia-da-Informacao.jpg?fit=640%2C936&ssl=1","views":"","jetpack_sharing_enabled":true,"_links":{"self":[{"href":"https:\/\/www.pedroandretta.info\/index\/wp-json\/wp\/v2\/posts\/10530","targetHints":{"allow":["GET"]}}],"collection":[{"href":"https:\/\/www.pedroandretta.info\/index\/wp-json\/wp\/v2\/posts"}],"about":[{"href":"https:\/\/www.pedroandretta.info\/index\/wp-json\/wp\/v2\/types\/post"}],"author":[{"embeddable":true,"href":"https:\/\/www.pedroandretta.info\/index\/wp-json\/wp\/v2\/users\/1"}],"replies":[{"embeddable":true,"href":"https:\/\/www.pedroandretta.info\/index\/wp-json\/wp\/v2\/comments?post=10530"}],"version-history":[{"count":0,"href":"https:\/\/www.pedroandretta.info\/index\/wp-json\/wp\/v2\/posts\/10530\/revisions"}],"wp:featuredmedia":[{"embeddable":true,"href":"https:\/\/www.pedroandretta.info\/index\/wp-json\/wp\/v2\/media\/10531"}],"wp:attachment":[{"href":"https:\/\/www.pedroandretta.info\/index\/wp-json\/wp\/v2\/media?parent=10530"}],"wp:term":[{"taxonomy":"category","embeddable":true,"href":"https:\/\/www.pedroandretta.info\/index\/wp-json\/wp\/v2\/categories?post=10530"},{"taxonomy":"post_tag","embeddable":true,"href":"https:\/\/www.pedroandretta.info\/index\/wp-json\/wp\/v2\/tags?post=10530"}],"curies":[{"name":"wp","href":"https:\/\/api.w.org\/{rel}","templated":true}]}}