{"id":10532,"date":"2021-05-26T17:43:51","date_gmt":"2021-05-26T21:43:51","guid":{"rendered":"https:\/\/www.pedroandretta.info\/index\/?p=10532"},"modified":"2021-05-26T17:43:51","modified_gmt":"2021-05-26T21:43:51","slug":"marc-21-para-dados-de-autoridade-em-portugues-l-a-febab-atraves-do-seu-grupo-d","status":"publish","type":"post","link":"https:\/\/www.pedroandretta.info\/index\/2021\/05\/marc-21-para-dados-de-autoridade-em-portugues-l-a-febab-atraves-do-seu-grupo-d\/","title":{"rendered":"MARC 21 para Dados de Autoridade em portugu\u00eas l \u201cA FEBAB, atrav\u00e9s do seu Grupo d&#8230;"},"content":{"rendered":"<p>[ad_1]<br \/>\n<img data-recalc-dims=\"1\" decoding=\"async\" src=\"https:\/\/i0.wp.com\/www.pedroandretta.info\/index\/wp-content\/uploads\/2021\/05\/MARC-21-para-Dados-de-Autoridade-em-portugues-l-A.png?w=696&#038;ssl=1\"\/><\/p>\n<blockquote class=\"twitter-tweet\">\n<p lang=\"pt\" dir=\"ltr\">MARC 21 para Dados de Autoridade em portugu\u00eas l \u201cA FEBAB, atrav\u00e9s do seu Grupo de Trabalho em Cataloga\u00e7\u00e3o (GT-CAT), divulgou hoje a tradu\u00e7\u00e3o da vers\u00e3o completa do Formato MARC 21 para Dados de Autoridade.\u201d <a target=\"_blank\" href=\"https:\/\/twitter.com\/hashtag\/Marc21?src=hash&amp;ref_src=twsrc%5Etfw\" rel=\"noopener\">#Marc21<\/a> <a target=\"_blank\" href=\"https:\/\/twitter.com\/hashtag\/DadosDeAutoridade?src=hash&amp;ref_src=twsrc%5Etfw\" rel=\"noopener\">#DadosDeAutoridade<\/a>  via  <a target=\"_blank\" href=\"https:\/\/twitter.com\/febab?ref_src=twsrc%5Etfw\" rel=\"noopener\">@FEBAB<\/a> <a target=\"_blank\" href=\"https:\/\/t.co\/8z2XuYPfXH\" rel=\"noopener\">https:\/\/t.co\/8z2XuYPfXH<\/a><\/p>\n<p>&mdash; Pedro Andretta (@pedroisandretta) <a target=\"_blank\" href=\"https:\/\/twitter.com\/pedroisandretta\/status\/1397669837544038411?ref_src=twsrc%5Etfw\" rel=\"noopener\">May 26, 2021<\/a><\/p><\/blockquote>\n<p><script async src=\"https:\/\/platform.twitter.com\/widgets.js\" charset=\"utf-8\"><\/script><\/p>\n<p>[ad_2]<br \/>\n<br \/><a href=\"https:\/\/twitter.com\/pedroisandretta\/statuses\/1397669837544038411\">Fonte<\/a> : Projeto <a href=\"https:\/\/www.pedroandretta.info\/informeci\">Informe-CI<\/a><\/p>\n","protected":false},"excerpt":{"rendered":"<p>[ad_1] MARC 21 para Dados de Autoridade em portugu\u00eas l \u201cA FEBAB, atrav\u00e9s do seu Grupo de Trabalho em Cataloga\u00e7\u00e3o (GT-CAT), divulgou hoje a tradu\u00e7\u00e3o da vers\u00e3o completa do Formato MARC 21 para Dados de Autoridade.\u201d #Marc21 #DadosDeAutoridade via @FEBAB https:\/\/t.co\/8z2XuYPfXH &mdash; Pedro Andretta (@pedroisandretta) May 26, 2021 [ad_2] Fonte : Projeto Informe-CI<\/p>\n","protected":false},"author":1,"featured_media":10533,"comment_status":"open","ping_status":"open","sticky":false,"template":"","format":"standard","meta":{"_jetpack_memberships_contains_paid_content":false,"footnotes":"","jetpack_publicize_message":"","jetpack_publicize_feature_enabled":true,"jetpack_social_post_already_shared":true,"jetpack_social_options":{"image_generator_settings":{"template":"highway","default_image_id":0,"font":"","enabled":false},"version":2}},"categories":[21],"tags":[2269,322],"class_list":["post-10532","post","type-post","status-publish","format-standard","has-post-thumbnail","hentry","category-informeci","tag-dadosdeautoridade","tag-marc21"],"jetpack_publicize_connections":[],"jetpack_featured_media_url":"https:\/\/i0.wp.com\/www.pedroandretta.info\/index\/wp-content\/uploads\/2021\/05\/MARC-21-para-Dados-de-Autoridade-em-portugues-l-A.png?fit=1221%2C651&ssl=1","views":"","jetpack_sharing_enabled":true,"_links":{"self":[{"href":"https:\/\/www.pedroandretta.info\/index\/wp-json\/wp\/v2\/posts\/10532","targetHints":{"allow":["GET"]}}],"collection":[{"href":"https:\/\/www.pedroandretta.info\/index\/wp-json\/wp\/v2\/posts"}],"about":[{"href":"https:\/\/www.pedroandretta.info\/index\/wp-json\/wp\/v2\/types\/post"}],"author":[{"embeddable":true,"href":"https:\/\/www.pedroandretta.info\/index\/wp-json\/wp\/v2\/users\/1"}],"replies":[{"embeddable":true,"href":"https:\/\/www.pedroandretta.info\/index\/wp-json\/wp\/v2\/comments?post=10532"}],"version-history":[{"count":0,"href":"https:\/\/www.pedroandretta.info\/index\/wp-json\/wp\/v2\/posts\/10532\/revisions"}],"wp:featuredmedia":[{"embeddable":true,"href":"https:\/\/www.pedroandretta.info\/index\/wp-json\/wp\/v2\/media\/10533"}],"wp:attachment":[{"href":"https:\/\/www.pedroandretta.info\/index\/wp-json\/wp\/v2\/media?parent=10532"}],"wp:term":[{"taxonomy":"category","embeddable":true,"href":"https:\/\/www.pedroandretta.info\/index\/wp-json\/wp\/v2\/categories?post=10532"},{"taxonomy":"post_tag","embeddable":true,"href":"https:\/\/www.pedroandretta.info\/index\/wp-json\/wp\/v2\/tags?post=10532"}],"curies":[{"name":"wp","href":"https:\/\/api.w.org\/{rel}","templated":true}]}}