{"id":10537,"date":"2021-05-26T13:19:02","date_gmt":"2021-05-26T17:19:02","guid":{"rendered":"https:\/\/www.pedroandretta.info\/index\/?p=10537"},"modified":"2021-05-26T13:19:02","modified_gmt":"2021-05-26T17:19:02","slug":"em-defesa-da-vida-e-dos-direitos-dos-povos-indigenas-no-brasil-l-sbpc-aba-abra","status":"publish","type":"post","link":"https:\/\/www.pedroandretta.info\/index\/2021\/05\/em-defesa-da-vida-e-dos-direitos-dos-povos-indigenas-no-brasil-l-sbpc-aba-abra\/","title":{"rendered":"Em defesa da vida e dos direitos dos povos ind\u00edgenas no Brasil l SBPC, ABA, Abra&#8230;"},"content":{"rendered":"<p>[ad_1]<\/p>\n<blockquote class=\"twitter-tweet\">\n<p lang=\"pt\" dir=\"ltr\">Em defesa da vida e dos direitos dos povos ind\u00edgenas no Brasil l SBPC, ABA, Abrasco, ABCP, Anpocs, Cebrap e SBS  assinam \u201cNota em Defesa da Vida e dos Direitos dos Povos <a target=\"_blank\" href=\"https:\/\/twitter.com\/hashtag\/Ind%C3%ADgenas?src=hash&amp;ref_src=twsrc%5Etfw\" rel=\"noopener\">#Ind\u00edgenas<\/a> no Brasil frente ao <a target=\"_blank\" href=\"https:\/\/twitter.com\/hashtag\/etnoc%C3%ADdio?src=hash&amp;ref_src=twsrc%5Etfw\" rel=\"noopener\">#etnoc\u00eddio<\/a> e risco de <a target=\"_blank\" href=\"https:\/\/twitter.com\/hashtag\/genoc%C3%ADdio?src=hash&amp;ref_src=twsrc%5Etfw\" rel=\"noopener\">#genoc\u00eddio<\/a>\u201d via Jornal da Ci\u00eancia <a target=\"_blank\" href=\"https:\/\/t.co\/6VN9V6TLm6\" rel=\"noopener\">https:\/\/t.co\/6VN9V6TLm6<\/a><\/p>\n<p>&mdash; Pedro Andretta (@pedroisandretta) <a target=\"_blank\" href=\"https:\/\/twitter.com\/pedroisandretta\/status\/1397603193740218368?ref_src=twsrc%5Etfw\" rel=\"noopener\">May 26, 2021<\/a><\/p><\/blockquote>\n<p><script async src=\"https:\/\/platform.twitter.com\/widgets.js\" charset=\"utf-8\"><\/script><\/p>\n<p>[ad_2]<br \/>\n<br \/><a href=\"https:\/\/twitter.com\/pedroisandretta\/statuses\/1397603193740218368\">Fonte<\/a> : Projeto <a href=\"https:\/\/www.pedroandretta.info\/informeci\">Informe-CI<\/a><\/p>\n","protected":false},"excerpt":{"rendered":"<p>[ad_1] Em defesa da vida e dos direitos dos povos ind\u00edgenas no Brasil l SBPC, ABA, Abrasco, ABCP, Anpocs, Cebrap e SBS assinam \u201cNota em Defesa da Vida e dos Direitos dos Povos #Ind\u00edgenas no Brasil frente ao #etnoc\u00eddio e risco de #genoc\u00eddio\u201d via Jornal da Ci\u00eancia https:\/\/t.co\/6VN9V6TLm6 &mdash; Pedro Andretta (@pedroisandretta) May 26, 2021<\/p><\/div>\n<div class=\"blog-btn\"><a href=\"https:\/\/www.pedroandretta.info\/index\/2021\/05\/em-defesa-da-vida-e-dos-direitos-dos-povos-indigenas-no-brasil-l-sbpc-aba-abra\/\" class=\"home-blog-btn\">Ler mais<\/a><\/p>\n","protected":false},"author":1,"featured_media":0,"comment_status":"open","ping_status":"open","sticky":false,"template":"","format":"standard","meta":{"_jetpack_memberships_contains_paid_content":false,"footnotes":"","jetpack_publicize_message":"","jetpack_publicize_feature_enabled":true,"jetpack_social_post_already_shared":true,"jetpack_social_options":{"image_generator_settings":{"template":"highway","default_image_id":0,"font":"","enabled":false},"version":2}},"categories":[21],"tags":[2271,2249,2700],"class_list":["post-10537","post","type-post","status-publish","format-standard","hentry","category-informeci","tag-etnocidio","tag-genocidio","tag-povosindigenas"],"jetpack_publicize_connections":[],"jetpack_featured_media_url":"","views":"","jetpack_sharing_enabled":true,"_links":{"self":[{"href":"https:\/\/www.pedroandretta.info\/index\/wp-json\/wp\/v2\/posts\/10537","targetHints":{"allow":["GET"]}}],"collection":[{"href":"https:\/\/www.pedroandretta.info\/index\/wp-json\/wp\/v2\/posts"}],"about":[{"href":"https:\/\/www.pedroandretta.info\/index\/wp-json\/wp\/v2\/types\/post"}],"author":[{"embeddable":true,"href":"https:\/\/www.pedroandretta.info\/index\/wp-json\/wp\/v2\/users\/1"}],"replies":[{"embeddable":true,"href":"https:\/\/www.pedroandretta.info\/index\/wp-json\/wp\/v2\/comments?post=10537"}],"version-history":[{"count":0,"href":"https:\/\/www.pedroandretta.info\/index\/wp-json\/wp\/v2\/posts\/10537\/revisions"}],"wp:attachment":[{"href":"https:\/\/www.pedroandretta.info\/index\/wp-json\/wp\/v2\/media?parent=10537"}],"wp:term":[{"taxonomy":"category","embeddable":true,"href":"https:\/\/www.pedroandretta.info\/index\/wp-json\/wp\/v2\/categories?post=10537"},{"taxonomy":"post_tag","embeddable":true,"href":"https:\/\/www.pedroandretta.info\/index\/wp-json\/wp\/v2\/tags?post=10537"}],"curies":[{"name":"wp","href":"https:\/\/api.w.org\/{rel}","templated":true}]}}