{"id":10543,"date":"2021-05-27T16:42:24","date_gmt":"2021-05-27T20:42:24","guid":{"rendered":"https:\/\/www.pedroandretta.info\/index\/?p=10543"},"modified":"2021-05-27T16:42:24","modified_gmt":"2021-05-27T20:42:24","slug":"para-aplicar-a-remicao-da-pena-pela-leitura-e-necessaria-a-presenca-da-bibliot","status":"publish","type":"post","link":"https:\/\/www.pedroandretta.info\/index\/2021\/05\/para-aplicar-a-remicao-da-pena-pela-leitura-e-necessaria-a-presenca-da-bibliot\/","title":{"rendered":"\u201cPara aplicar a remi\u00e7\u00e3o da pena pela leitura, \u00e9 necess\u00e1ria a presen\u00e7a da bibliot&#8230;"},"content":{"rendered":"<p>[ad_1]<\/p>\n<blockquote class=\"twitter-tweet\">\n<p lang=\"pt\" dir=\"ltr\">\u201cPara aplicar a remi\u00e7\u00e3o da pena pela leitura, \u00e9 necess\u00e1ria a presen\u00e7a da biblioteca\u201dl Em <a target=\"_blank\" href=\"https:\/\/twitter.com\/hashtag\/Entrevista?src=hash&amp;ref_src=twsrc%5Etfw\" rel=\"noopener\">#Entrevista<\/a> , Catia Lindemann aborda a Resolu\u00e7\u00e3o do CNJ que exige uma biblioteca com no m\u00ednimo 250 t\u00edtulos nas <a target=\"_blank\" href=\"https:\/\/twitter.com\/hashtag\/BibliotecasPrisionais?src=hash&amp;ref_src=twsrc%5Etfw\" rel=\"noopener\">#BibliotecasPrisionais<\/a>.  <a target=\"_blank\" href=\"https:\/\/twitter.com\/hashtag\/Remi%C3%A7%C3%A3oPelaLeitura?src=hash&amp;ref_src=twsrc%5Etfw\" rel=\"noopener\">#Remi\u00e7\u00e3oPelaLeitura<\/a> via Biblioo <a target=\"_blank\" href=\"https:\/\/t.co\/Kr8l0HLSUi\" rel=\"noopener\">https:\/\/t.co\/Kr8l0HLSUi<\/a><\/p>\n<p>&mdash; Pedro Andretta (@pedroisandretta) <a target=\"_blank\" href=\"https:\/\/twitter.com\/pedroisandretta\/status\/1398016763346968585?ref_src=twsrc%5Etfw\" rel=\"noopener\">May 27, 2021<\/a><\/p><\/blockquote>\n<p><script async src=\"https:\/\/platform.twitter.com\/widgets.js\" charset=\"utf-8\"><\/script><\/p>\n<p>[ad_2]<br \/>\n<br \/><a href=\"https:\/\/twitter.com\/pedroisandretta\/statuses\/1398016763346968585\">Fonte<\/a> : Projeto <a href=\"https:\/\/www.pedroandretta.info\/informeci\">Informe-CI<\/a><\/p>\n","protected":false},"excerpt":{"rendered":"<p>[ad_1] \u201cPara aplicar a remi\u00e7\u00e3o da pena pela leitura, \u00e9 necess\u00e1ria a presen\u00e7a da biblioteca\u201dl Em #Entrevista , Catia Lindemann aborda a Resolu\u00e7\u00e3o do CNJ que exige uma biblioteca com no m\u00ednimo 250 t\u00edtulos nas #BibliotecasPrisionais. #Remi\u00e7\u00e3oPelaLeitura via Biblioo https:\/\/t.co\/Kr8l0HLSUi &mdash; Pedro Andretta (@pedroisandretta) May 27, 2021 [ad_2] Fonte : Projeto Informe-CI<\/p>\n","protected":false},"author":1,"featured_media":0,"comment_status":"open","ping_status":"open","sticky":false,"template":"","format":"standard","meta":{"_jetpack_memberships_contains_paid_content":false,"footnotes":"","jetpack_publicize_message":"","jetpack_publicize_feature_enabled":true,"jetpack_social_post_already_shared":true,"jetpack_social_options":{"image_generator_settings":{"template":"highway","default_image_id":0,"font":"","enabled":false},"version":2}},"categories":[21],"tags":[58,601,1550],"class_list":["post-10543","post","type-post","status-publish","format-standard","hentry","category-informeci","tag-bibliotecasprisionais","tag-entrevista","tag-remicaopelaleitura"],"jetpack_publicize_connections":[],"jetpack_featured_media_url":"","views":"","jetpack_sharing_enabled":true,"_links":{"self":[{"href":"https:\/\/www.pedroandretta.info\/index\/wp-json\/wp\/v2\/posts\/10543","targetHints":{"allow":["GET"]}}],"collection":[{"href":"https:\/\/www.pedroandretta.info\/index\/wp-json\/wp\/v2\/posts"}],"about":[{"href":"https:\/\/www.pedroandretta.info\/index\/wp-json\/wp\/v2\/types\/post"}],"author":[{"embeddable":true,"href":"https:\/\/www.pedroandretta.info\/index\/wp-json\/wp\/v2\/users\/1"}],"replies":[{"embeddable":true,"href":"https:\/\/www.pedroandretta.info\/index\/wp-json\/wp\/v2\/comments?post=10543"}],"version-history":[{"count":0,"href":"https:\/\/www.pedroandretta.info\/index\/wp-json\/wp\/v2\/posts\/10543\/revisions"}],"wp:attachment":[{"href":"https:\/\/www.pedroandretta.info\/index\/wp-json\/wp\/v2\/media?parent=10543"}],"wp:term":[{"taxonomy":"category","embeddable":true,"href":"https:\/\/www.pedroandretta.info\/index\/wp-json\/wp\/v2\/categories?post=10543"},{"taxonomy":"post_tag","embeddable":true,"href":"https:\/\/www.pedroandretta.info\/index\/wp-json\/wp\/v2\/tags?post=10543"}],"curies":[{"name":"wp","href":"https:\/\/api.w.org\/{rel}","templated":true}]}}