{"id":10626,"date":"2021-06-02T17:42:48","date_gmt":"2021-06-02T21:42:48","guid":{"rendered":"https:\/\/www.pedroandretta.info\/index\/?p=10626"},"modified":"2021-06-02T17:42:48","modified_gmt":"2021-06-02T21:42:48","slug":"escolha-de-diretores-com-criterios-tecnicos-melhora-ambiente-escolar-l-pesquisa","status":"publish","type":"post","link":"https:\/\/www.pedroandretta.info\/index\/2021\/06\/escolha-de-diretores-com-criterios-tecnicos-melhora-ambiente-escolar-l-pesquisa\/","title":{"rendered":"Escolha de diretores com crit\u00e9rios t\u00e9cnicos melhora ambiente escolar l \u201cPesquisa&#8230;"},"content":{"rendered":"<p>[ad_1]<\/p>\n<blockquote class=\"twitter-tweet\">\n<p lang=\"pt\" dir=\"ltr\">Escolha de diretores com crit\u00e9rios t\u00e9cnicos melhora ambiente escolar l \u201cPesquisa da FGV analisou como a forma de escolha de diretores nas escolas impacta clima e gest\u00e3o escolar\u201d <a target=\"_blank\" href=\"https:\/\/twitter.com\/hashtag\/Gest%C3%A3oP%C3%BAblica?src=hash&amp;ref_src=twsrc%5Etfw\" rel=\"noopener\">#Gest\u00e3oP\u00fablica<\/a> <a target=\"_blank\" href=\"https:\/\/twitter.com\/hashtag\/Gest%C3%A3oEducacional?src=hash&amp;ref_src=twsrc%5Etfw\" rel=\"noopener\">#Gest\u00e3oEducacional<\/a> <a target=\"_blank\" href=\"https:\/\/twitter.com\/hashtag\/Saeb?src=hash&amp;ref_src=twsrc%5Etfw\" rel=\"noopener\">#Saeb<\/a>  via Ag\u00eancia BORI <a target=\"_blank\" href=\"https:\/\/t.co\/wniSFbGgQh\" rel=\"noopener\">https:\/\/t.co\/wniSFbGgQh<\/a><\/p>\n<p>&mdash; Pedro Andretta (@pedroisandretta) <a target=\"_blank\" href=\"https:\/\/twitter.com\/pedroisandretta\/status\/1400206287762341893?ref_src=twsrc%5Etfw\" rel=\"noopener\">June 2, 2021<\/a><\/p><\/blockquote>\n<p><script async src=\"https:\/\/platform.twitter.com\/widgets.js\" charset=\"utf-8\"><\/script><\/p>\n<p>[ad_2]<br \/>\n<br \/><a href=\"https:\/\/twitter.com\/pedroisandretta\/statuses\/1400206287762341893\">Fonte<\/a> : Projeto <a href=\"https:\/\/www.pedroandretta.info\/informeci\">Informe-CI<\/a><\/p>\n","protected":false},"excerpt":{"rendered":"<p>[ad_1] Escolha de diretores com crit\u00e9rios t\u00e9cnicos melhora ambiente escolar l \u201cPesquisa da FGV analisou como a forma de escolha de diretores nas escolas impacta clima e gest\u00e3o escolar\u201d #Gest\u00e3oP\u00fablica #Gest\u00e3oEducacional #Saeb via Ag\u00eancia BORI https:\/\/t.co\/wniSFbGgQh &mdash; Pedro Andretta (@pedroisandretta) June 2, 2021 [ad_2] Fonte : Projeto Informe-CI<\/p>\n","protected":false},"author":1,"featured_media":0,"comment_status":"open","ping_status":"open","sticky":false,"template":"","format":"standard","meta":{"_jetpack_newsletter_access":"","_jetpack_dont_email_post_to_subs":false,"_jetpack_newsletter_tier_id":0,"_jetpack_memberships_contains_paywalled_content":false,"_jetpack_feature_clip_id":0,"_jetpack_memberships_contains_paid_content":false,"footnotes":"","jetpack_publicize_message":"","jetpack_publicize_feature_enabled":true,"jetpack_social_post_already_shared":true,"jetpack_social_options":{"image_generator_settings":{"template":"highway","default_image_id":0,"font":"","enabled":false},"version":2},"jetpack_post_was_ever_published":false},"categories":[21],"tags":[2289,2288,818],"class_list":["post-10626","post","type-post","status-publish","format-standard","hentry","category-informeci","tag-gestaoeducacional","tag-gestaopublica","tag-saeb"],"jetpack_publicize_connections":[],"jetpack_featured_media_url":"","views":"","jetpack_sharing_enabled":true,"_links":{"self":[{"href":"https:\/\/www.pedroandretta.info\/index\/wp-json\/wp\/v2\/posts\/10626","targetHints":{"allow":["GET"]}}],"collection":[{"href":"https:\/\/www.pedroandretta.info\/index\/wp-json\/wp\/v2\/posts"}],"about":[{"href":"https:\/\/www.pedroandretta.info\/index\/wp-json\/wp\/v2\/types\/post"}],"author":[{"embeddable":true,"href":"https:\/\/www.pedroandretta.info\/index\/wp-json\/wp\/v2\/users\/1"}],"replies":[{"embeddable":true,"href":"https:\/\/www.pedroandretta.info\/index\/wp-json\/wp\/v2\/comments?post=10626"}],"version-history":[{"count":0,"href":"https:\/\/www.pedroandretta.info\/index\/wp-json\/wp\/v2\/posts\/10626\/revisions"}],"wp:attachment":[{"href":"https:\/\/www.pedroandretta.info\/index\/wp-json\/wp\/v2\/media?parent=10626"}],"wp:term":[{"taxonomy":"category","embeddable":true,"href":"https:\/\/www.pedroandretta.info\/index\/wp-json\/wp\/v2\/categories?post=10626"},{"taxonomy":"post_tag","embeddable":true,"href":"https:\/\/www.pedroandretta.info\/index\/wp-json\/wp\/v2\/tags?post=10626"}],"curies":[{"name":"wp","href":"https:\/\/api.w.org\/{rel}","templated":true}]}}