{"id":10808,"date":"2021-06-11T01:05:15","date_gmt":"2021-06-11T05:05:15","guid":{"rendered":"https:\/\/www.pedroandretta.info\/index\/?p=10808"},"modified":"2021-06-11T01:05:15","modified_gmt":"2021-06-11T05:05:15","slug":"por-uma-promocao-democratica-e-dialogica-da-leitura-l-devemos-por-fim-olhar-a","status":"publish","type":"post","link":"https:\/\/www.pedroandretta.info\/index\/2021\/06\/por-uma-promocao-democratica-e-dialogica-da-leitura-l-devemos-por-fim-olhar-a\/","title":{"rendered":"Por uma promo\u00e7\u00e3o democr\u00e1tica e dial\u00f3gica da leitura l \u201cDevemos, por fim, olhar a&#8230;"},"content":{"rendered":"<p>[ad_1]<\/p>\n<blockquote class=\"twitter-tweet\">\n<p lang=\"pt\" dir=\"ltr\">Por uma promo\u00e7\u00e3o democr\u00e1tica e dial\u00f3gica da leitura l \u201cDevemos, por fim, olhar a leitura como um ato social, ideol\u00f3gico e pol\u00edtico, dependente das condi\u00e7\u00f5es e rela\u00e7\u00f5es sociais que os sujeitos estabelecem no decorrer da vida.\u201d <a target=\"_blank\" href=\"https:\/\/twitter.com\/hashtag\/Bakhtin?src=hash&amp;ref_src=twsrc%5Etfw\" rel=\"noopener\">#Bakhtin<\/a> <a target=\"_blank\" href=\"https:\/\/twitter.com\/hashtag\/Leitura?src=hash&amp;ref_src=twsrc%5Etfw\" rel=\"noopener\">#Leitura<\/a>  <a target=\"_blank\" href=\"https:\/\/t.co\/kxEKxH7TnS\" rel=\"noopener\">https:\/\/t.co\/kxEKxH7TnS<\/a> <a target=\"_blank\" href=\"https:\/\/t.co\/oraO8NRPit\" rel=\"noopener\">pic.twitter.com\/oraO8NRPit<\/a><\/p>\n<p>&mdash; Pedro Andretta (@pedroisandretta) <a target=\"_blank\" href=\"https:\/\/twitter.com\/pedroisandretta\/status\/1403216738494341128?ref_src=twsrc%5Etfw\" rel=\"noopener\">June 11, 2021<\/a><\/p><\/blockquote>\n<p><script async src=\"https:\/\/platform.twitter.com\/widgets.js\" charset=\"utf-8\"><\/script><\/p>\n<p>[ad_2]<br \/>\n<br \/><a href=\"https:\/\/twitter.com\/pedroisandretta\/statuses\/1403216738494341128\">Fonte<\/a> : Projeto <a href=\"https:\/\/www.pedroandretta.info\/informeci\">Informe-CI<\/a><\/p>\n","protected":false},"excerpt":{"rendered":"<p>[ad_1] Por uma promo\u00e7\u00e3o democr\u00e1tica e dial\u00f3gica da leitura l \u201cDevemos, por fim, olhar a leitura como um ato social, ideol\u00f3gico e pol\u00edtico, dependente das condi\u00e7\u00f5es e rela\u00e7\u00f5es sociais que os sujeitos estabelecem no decorrer da vida.\u201d #Bakhtin #Leitura https:\/\/t.co\/kxEKxH7TnS pic.twitter.com\/oraO8NRPit &mdash; Pedro Andretta (@pedroisandretta) June 11, 2021 [ad_2] Fonte : Projeto Informe-CI<\/p>\n","protected":false},"author":1,"featured_media":10809,"comment_status":"open","ping_status":"open","sticky":false,"template":"","format":"standard","meta":{"_jetpack_memberships_contains_paid_content":false,"footnotes":"","jetpack_publicize_message":"","jetpack_publicize_feature_enabled":true,"jetpack_social_post_already_shared":true,"jetpack_social_options":{"image_generator_settings":{"template":"highway","default_image_id":0,"font":"","enabled":false},"version":2}},"categories":[21],"tags":[586,157],"class_list":["post-10808","post","type-post","status-publish","format-standard","has-post-thumbnail","hentry","category-informeci","tag-bakhtin","tag-leitura"],"jetpack_publicize_connections":[],"jetpack_featured_media_url":"https:\/\/i0.wp.com\/www.pedroandretta.info\/index\/wp-content\/uploads\/2021\/06\/Por-uma-promocao-democratica-e-dialogica-da-leitura-l-Devemos.jpg?fit=640%2C904&ssl=1","views":"","jetpack_sharing_enabled":true,"_links":{"self":[{"href":"https:\/\/www.pedroandretta.info\/index\/wp-json\/wp\/v2\/posts\/10808","targetHints":{"allow":["GET"]}}],"collection":[{"href":"https:\/\/www.pedroandretta.info\/index\/wp-json\/wp\/v2\/posts"}],"about":[{"href":"https:\/\/www.pedroandretta.info\/index\/wp-json\/wp\/v2\/types\/post"}],"author":[{"embeddable":true,"href":"https:\/\/www.pedroandretta.info\/index\/wp-json\/wp\/v2\/users\/1"}],"replies":[{"embeddable":true,"href":"https:\/\/www.pedroandretta.info\/index\/wp-json\/wp\/v2\/comments?post=10808"}],"version-history":[{"count":0,"href":"https:\/\/www.pedroandretta.info\/index\/wp-json\/wp\/v2\/posts\/10808\/revisions"}],"wp:featuredmedia":[{"embeddable":true,"href":"https:\/\/www.pedroandretta.info\/index\/wp-json\/wp\/v2\/media\/10809"}],"wp:attachment":[{"href":"https:\/\/www.pedroandretta.info\/index\/wp-json\/wp\/v2\/media?parent=10808"}],"wp:term":[{"taxonomy":"category","embeddable":true,"href":"https:\/\/www.pedroandretta.info\/index\/wp-json\/wp\/v2\/categories?post=10808"},{"taxonomy":"post_tag","embeddable":true,"href":"https:\/\/www.pedroandretta.info\/index\/wp-json\/wp\/v2\/tags?post=10808"}],"curies":[{"name":"wp","href":"https:\/\/api.w.org\/{rel}","templated":true}]}}