{"id":10869,"date":"2021-06-16T13:38:44","date_gmt":"2021-06-16T17:38:44","guid":{"rendered":"https:\/\/www.pedroandretta.info\/index\/?p=10869"},"modified":"2021-06-16T13:38:44","modified_gmt":"2021-06-16T17:38:44","slug":"negacionismo-biblioteconomico-la-cruzada-ideologica-imposta-a-biblioteca-da-fc","status":"publish","type":"post","link":"https:\/\/www.pedroandretta.info\/index\/2021\/06\/negacionismo-biblioteconomico-la-cruzada-ideologica-imposta-a-biblioteca-da-fc\/","title":{"rendered":"Negacionismo bibliotecon\u00f4mico? l\u201cA cruzada ideol\u00f3gica imposta \u00e0 biblioteca da FC&#8230;"},"content":{"rendered":"<p>[ad_1]<\/p>\n<blockquote class=\"twitter-tweet\">\n<p lang=\"pt\" dir=\"ltr\">Negacionismo bibliotecon\u00f4mico? l\u201cA cruzada ideol\u00f3gica imposta \u00e0 biblioteca da FCP deve ensejar rep\u00fadio e repulsa por parte dos profissionais da informa\u00e7\u00e3o, especialmente bibliotec\u00e1rios e bibliotec\u00e1rias [&#8230;]\u201d <a target=\"_blank\" href=\"https:\/\/twitter.com\/hashtag\/Funda%C3%A7%C3%A3oPalmares?src=hash&amp;ref_src=twsrc%5Etfw\" rel=\"noopener\">#Funda\u00e7\u00e3oPalmares<\/a> <a target=\"_blank\" href=\"https:\/\/twitter.com\/hashtag\/GovernoBolsonaro?src=hash&amp;ref_src=twsrc%5Etfw\" rel=\"noopener\">#GovernoBolsonaro<\/a> via Biblioo <a target=\"_blank\" href=\"https:\/\/t.co\/6WszgObUKY\" rel=\"noopener\">https:\/\/t.co\/6WszgObUKY<\/a><\/p>\n<p>&mdash; Pedro Andretta (@pedroisandretta) <a target=\"_blank\" href=\"https:\/\/twitter.com\/pedroisandretta\/status\/1405218296006316035?ref_src=twsrc%5Etfw\" rel=\"noopener\">June 16, 2021<\/a><\/p><\/blockquote>\n<p><script async src=\"https:\/\/platform.twitter.com\/widgets.js\" charset=\"utf-8\"><\/script><\/p>\n<p>[ad_2]<br \/>\n<br \/><a href=\"https:\/\/twitter.com\/pedroisandretta\/statuses\/1405218296006316035\">Fonte<\/a> : Projeto <a href=\"https:\/\/www.pedroandretta.info\/informeci\">Informe-CI<\/a><\/p>\n","protected":false},"excerpt":{"rendered":"<p>[ad_1] Negacionismo bibliotecon\u00f4mico? l\u201cA cruzada ideol\u00f3gica imposta \u00e0 biblioteca da FCP deve ensejar rep\u00fadio e repulsa por parte dos profissionais da informa\u00e7\u00e3o, especialmente bibliotec\u00e1rios e bibliotec\u00e1rias [&#8230;]\u201d #Funda\u00e7\u00e3oPalmares #GovernoBolsonaro via Biblioo https:\/\/t.co\/6WszgObUKY &mdash; Pedro Andretta (@pedroisandretta) June 16, 2021 [ad_2] Fonte : Projeto Informe-CI<\/p>\n","protected":false},"author":1,"featured_media":0,"comment_status":"open","ping_status":"open","sticky":false,"template":"","format":"standard","meta":{"_jetpack_memberships_contains_paid_content":false,"footnotes":"","jetpack_publicize_message":"","jetpack_publicize_feature_enabled":true,"jetpack_social_post_already_shared":true,"jetpack_social_options":{"image_generator_settings":{"template":"highway","default_image_id":0,"font":"","enabled":false},"version":2}},"categories":[21],"tags":[1465,2267],"class_list":["post-10869","post","type-post","status-publish","format-standard","hentry","category-informeci","tag-fundacaopalmares","tag-governobolsonaro"],"jetpack_publicize_connections":[],"jetpack_featured_media_url":"","views":"","jetpack_sharing_enabled":true,"_links":{"self":[{"href":"https:\/\/www.pedroandretta.info\/index\/wp-json\/wp\/v2\/posts\/10869","targetHints":{"allow":["GET"]}}],"collection":[{"href":"https:\/\/www.pedroandretta.info\/index\/wp-json\/wp\/v2\/posts"}],"about":[{"href":"https:\/\/www.pedroandretta.info\/index\/wp-json\/wp\/v2\/types\/post"}],"author":[{"embeddable":true,"href":"https:\/\/www.pedroandretta.info\/index\/wp-json\/wp\/v2\/users\/1"}],"replies":[{"embeddable":true,"href":"https:\/\/www.pedroandretta.info\/index\/wp-json\/wp\/v2\/comments?post=10869"}],"version-history":[{"count":0,"href":"https:\/\/www.pedroandretta.info\/index\/wp-json\/wp\/v2\/posts\/10869\/revisions"}],"wp:attachment":[{"href":"https:\/\/www.pedroandretta.info\/index\/wp-json\/wp\/v2\/media?parent=10869"}],"wp:term":[{"taxonomy":"category","embeddable":true,"href":"https:\/\/www.pedroandretta.info\/index\/wp-json\/wp\/v2\/categories?post=10869"},{"taxonomy":"post_tag","embeddable":true,"href":"https:\/\/www.pedroandretta.info\/index\/wp-json\/wp\/v2\/tags?post=10869"}],"curies":[{"name":"wp","href":"https:\/\/api.w.org\/{rel}","templated":true}]}}