{"id":10874,"date":"2021-06-16T17:25:20","date_gmt":"2021-06-16T21:25:20","guid":{"rendered":"https:\/\/www.pedroandretta.info\/index\/?p=10874"},"modified":"2021-06-16T17:25:20","modified_gmt":"2021-06-16T21:25:20","slug":"qual-foi-o-primeiro-livro-impresso-do-mundo-l-o-jikji-e-o-livro-impresso-de-ti","status":"publish","type":"post","link":"https:\/\/www.pedroandretta.info\/index\/2021\/06\/qual-foi-o-primeiro-livro-impresso-do-mundo-l-o-jikji-e-o-livro-impresso-de-ti\/","title":{"rendered":"Qual foi o primeiro livro impresso do mundo? l \u201cO Jikji \u00e9 o livro impresso de ti&#8230;"},"content":{"rendered":"<p>[ad_1]<\/p>\n<blockquote class=\"twitter-tweet\">\n<p lang=\"pt\" dir=\"ltr\">Qual foi o primeiro livro impresso do mundo? l \u201cO Jikji \u00e9 o livro impresso de tipo m\u00f3vel mais antigo do mundo, publicado pelo menos 78 anos antes da B\u00edblia de 42 linhas de Gutenberg [&#8230;]\u201d <a target=\"_blank\" href=\"https:\/\/twitter.com\/hashtag\/LeituraEscritaECultura?src=hash&amp;ref_src=twsrc%5Etfw\" rel=\"noopener\">#LeituraEscritaECultura<\/a> <a target=\"_blank\" href=\"https:\/\/twitter.com\/hashtag\/Hist%C3%B3riaDoLivro?src=hash&amp;ref_src=twsrc%5Etfw\" rel=\"noopener\">#Hist\u00f3riaDoLivro<\/a> \ud83c\uddea\ud83c\uddf8 via <a target=\"_blank\" href=\"https:\/\/twitter.com\/JulianMarquina?ref_src=twsrc%5Etfw\" rel=\"noopener\">@JulianMarquina<\/a> <a target=\"_blank\" href=\"https:\/\/t.co\/GXgcdrIjeY\" rel=\"noopener\">https:\/\/t.co\/GXgcdrIjeY<\/a><\/p>\n<p>&mdash; Pedro Andretta (@pedroisandretta) <a target=\"_blank\" href=\"https:\/\/twitter.com\/pedroisandretta\/status\/1405275322044489728?ref_src=twsrc%5Etfw\" rel=\"noopener\">June 16, 2021<\/a><\/p><\/blockquote>\n<p><script async src=\"https:\/\/platform.twitter.com\/widgets.js\" charset=\"utf-8\"><\/script><\/p>\n<p>[ad_2]<br \/>\n<br \/><a href=\"https:\/\/twitter.com\/pedroisandretta\/statuses\/1405275322044489728\">Fonte<\/a> : Projeto <a href=\"https:\/\/www.pedroandretta.info\/informeci\">Informe-CI<\/a><\/p>\n","protected":false},"excerpt":{"rendered":"<p>[ad_1] Qual foi o primeiro livro impresso do mundo? l \u201cO Jikji \u00e9 o livro impresso de tipo m\u00f3vel mais antigo do mundo, publicado pelo menos 78 anos antes da B\u00edblia de 42 linhas de Gutenberg [&#8230;]\u201d #LeituraEscritaECultura #Hist\u00f3riaDoLivro \ud83c\uddea\ud83c\uddf8 via @JulianMarquina https:\/\/t.co\/GXgcdrIjeY &mdash; Pedro Andretta (@pedroisandretta) June 16, 2021 [ad_2] Fonte : Projeto Informe-CI<\/p>\n","protected":false},"author":1,"featured_media":0,"comment_status":"open","ping_status":"open","sticky":false,"template":"","format":"standard","meta":{"_jetpack_memberships_contains_paid_content":false,"footnotes":"","jetpack_publicize_message":"","jetpack_publicize_feature_enabled":true,"jetpack_social_post_already_shared":true,"jetpack_social_options":{"image_generator_settings":{"template":"highway","default_image_id":0,"font":"","enabled":false},"version":2}},"categories":[21],"tags":[1800,434],"class_list":["post-10874","post","type-post","status-publish","format-standard","hentry","category-informeci","tag-historiadolivro","tag-leituraescritaecultura"],"jetpack_publicize_connections":[],"jetpack_featured_media_url":"","views":"","jetpack_sharing_enabled":true,"_links":{"self":[{"href":"https:\/\/www.pedroandretta.info\/index\/wp-json\/wp\/v2\/posts\/10874","targetHints":{"allow":["GET"]}}],"collection":[{"href":"https:\/\/www.pedroandretta.info\/index\/wp-json\/wp\/v2\/posts"}],"about":[{"href":"https:\/\/www.pedroandretta.info\/index\/wp-json\/wp\/v2\/types\/post"}],"author":[{"embeddable":true,"href":"https:\/\/www.pedroandretta.info\/index\/wp-json\/wp\/v2\/users\/1"}],"replies":[{"embeddable":true,"href":"https:\/\/www.pedroandretta.info\/index\/wp-json\/wp\/v2\/comments?post=10874"}],"version-history":[{"count":0,"href":"https:\/\/www.pedroandretta.info\/index\/wp-json\/wp\/v2\/posts\/10874\/revisions"}],"wp:attachment":[{"href":"https:\/\/www.pedroandretta.info\/index\/wp-json\/wp\/v2\/media?parent=10874"}],"wp:term":[{"taxonomy":"category","embeddable":true,"href":"https:\/\/www.pedroandretta.info\/index\/wp-json\/wp\/v2\/categories?post=10874"},{"taxonomy":"post_tag","embeddable":true,"href":"https:\/\/www.pedroandretta.info\/index\/wp-json\/wp\/v2\/tags?post=10874"}],"curies":[{"name":"wp","href":"https:\/\/api.w.org\/{rel}","templated":true}]}}