{"id":10875,"date":"2021-06-16T13:22:18","date_gmt":"2021-06-16T17:22:18","guid":{"rendered":"https:\/\/www.pedroandretta.info\/index\/?p=10875"},"modified":"2021-06-16T13:22:18","modified_gmt":"2021-06-16T17:22:18","slug":"intervencao-em-acervo-da-fundacaopalmares-nao-deve-ser-aceita-passivamente-d","status":"publish","type":"post","link":"https:\/\/www.pedroandretta.info\/index\/2021\/06\/intervencao-em-acervo-da-fundacaopalmares-nao-deve-ser-aceita-passivamente-d\/","title":{"rendered":"Interven\u00e7\u00e3o em acervo da #Funda\u00e7\u00e3oPalmares n\u00e3o deve ser aceita \u2018passivamente\u2019, d&#8230;"},"content":{"rendered":"<p>[ad_1]<br \/>\n<img data-recalc-dims=\"1\" decoding=\"async\" src=\"https:\/\/i0.wp.com\/www.pedroandretta.info\/index\/wp-content\/uploads\/2021\/06\/Intervencao-em-acervo-da-FundacaoPalmares-nao-deve-ser-aceita-%E2%80%98passivamente.jpg?w=696&#038;ssl=1\"\/><\/p>\n<blockquote class=\"twitter-tweet\">\n<p lang=\"pt\" dir=\"ltr\">Interven\u00e7\u00e3o em acervo da <a target=\"_blank\" href=\"https:\/\/twitter.com\/hashtag\/Funda%C3%A7%C3%A3oPalmares?src=hash&amp;ref_src=twsrc%5Etfw\" rel=\"noopener\">#Funda\u00e7\u00e3oPalmares<\/a> n\u00e3o deve ser aceita \u2018passivamente\u2019, diz ex-presidente l \u201cNosso acervo \u00e9 um marco de altivez de um povo, com doa\u00e7\u00f5es de grandes intelectuais e pa\u00edses da \u00c1frica.\u201c diz Erivaldo Oliveira via Folha <a target=\"_blank\" href=\"https:\/\/t.co\/92OyEp2ngh\" rel=\"noopener\">https:\/\/t.co\/92OyEp2ngh<\/a><\/p>\n<p>&mdash; Pedro Andretta (@pedroisandretta) <a target=\"_blank\" href=\"https:\/\/twitter.com\/pedroisandretta\/status\/1405214162846949376?ref_src=twsrc%5Etfw\" rel=\"noopener\">June 16, 2021<\/a><\/p><\/blockquote>\n<p><script async src=\"https:\/\/platform.twitter.com\/widgets.js\" charset=\"utf-8\"><\/script><\/p>\n<p>[ad_2]<br \/>\n<br \/><a href=\"https:\/\/twitter.com\/pedroisandretta\/statuses\/1405214162846949376\">Fonte<\/a> : Projeto <a href=\"https:\/\/www.pedroandretta.info\/informeci\">Informe-CI<\/a><\/p>\n","protected":false},"excerpt":{"rendered":"<p>[ad_1] Interven\u00e7\u00e3o em acervo da #Funda\u00e7\u00e3oPalmares n\u00e3o deve ser aceita \u2018passivamente\u2019, diz ex-presidente l \u201cNosso acervo \u00e9 um marco de altivez de um povo, com doa\u00e7\u00f5es de grandes intelectuais e pa\u00edses da \u00c1frica.\u201c diz Erivaldo Oliveira via Folha https:\/\/t.co\/92OyEp2ngh &mdash; Pedro Andretta (@pedroisandretta) June 16, 2021 [ad_2] Fonte : Projeto Informe-CI<\/p>\n","protected":false},"author":1,"featured_media":10876,"comment_status":"open","ping_status":"open","sticky":false,"template":"","format":"standard","meta":{"_jetpack_memberships_contains_paid_content":false,"footnotes":"","jetpack_publicize_message":"","jetpack_publicize_feature_enabled":true,"jetpack_social_post_already_shared":true,"jetpack_social_options":{"image_generator_settings":{"template":"highway","default_image_id":0,"font":"","enabled":false},"version":2}},"categories":[21],"tags":[1465],"class_list":["post-10875","post","type-post","status-publish","format-standard","has-post-thumbnail","hentry","category-informeci","tag-fundacaopalmares"],"jetpack_publicize_connections":[],"jetpack_featured_media_url":"https:\/\/i0.wp.com\/www.pedroandretta.info\/index\/wp-content\/uploads\/2021\/06\/Intervencao-em-acervo-da-FundacaoPalmares-nao-deve-ser-aceita-%E2%80%98passivamente.jpg?fit=2400%2C1600&ssl=1","views":"","jetpack_sharing_enabled":true,"_links":{"self":[{"href":"https:\/\/www.pedroandretta.info\/index\/wp-json\/wp\/v2\/posts\/10875","targetHints":{"allow":["GET"]}}],"collection":[{"href":"https:\/\/www.pedroandretta.info\/index\/wp-json\/wp\/v2\/posts"}],"about":[{"href":"https:\/\/www.pedroandretta.info\/index\/wp-json\/wp\/v2\/types\/post"}],"author":[{"embeddable":true,"href":"https:\/\/www.pedroandretta.info\/index\/wp-json\/wp\/v2\/users\/1"}],"replies":[{"embeddable":true,"href":"https:\/\/www.pedroandretta.info\/index\/wp-json\/wp\/v2\/comments?post=10875"}],"version-history":[{"count":0,"href":"https:\/\/www.pedroandretta.info\/index\/wp-json\/wp\/v2\/posts\/10875\/revisions"}],"wp:featuredmedia":[{"embeddable":true,"href":"https:\/\/www.pedroandretta.info\/index\/wp-json\/wp\/v2\/media\/10876"}],"wp:attachment":[{"href":"https:\/\/www.pedroandretta.info\/index\/wp-json\/wp\/v2\/media?parent=10875"}],"wp:term":[{"taxonomy":"category","embeddable":true,"href":"https:\/\/www.pedroandretta.info\/index\/wp-json\/wp\/v2\/categories?post=10875"},{"taxonomy":"post_tag","embeddable":true,"href":"https:\/\/www.pedroandretta.info\/index\/wp-json\/wp\/v2\/tags?post=10875"}],"curies":[{"name":"wp","href":"https:\/\/api.w.org\/{rel}","templated":true}]}}