{"id":10925,"date":"2021-06-20T22:23:00","date_gmt":"2021-06-21T02:23:00","guid":{"rendered":"https:\/\/www.pedroandretta.info\/index\/?p=10925"},"modified":"2021-06-20T22:23:00","modified_gmt":"2021-06-21T02:23:00","slug":"nova-edicao-da-revue-francaise-des-sciences-de-linformation-et-de-la-communicat","status":"publish","type":"post","link":"https:\/\/www.pedroandretta.info\/index\/2021\/06\/nova-edicao-da-revue-francaise-des-sciences-de-linformation-et-de-la-communicat\/","title":{"rendered":"Nova edi\u00e7\u00e3o da Revue fran\u00e7aise des sciences de l\u2019information et de la communicat&#8230;"},"content":{"rendered":"<p>[ad_1]<\/p>\n<blockquote class=\"twitter-tweet\">\n<p lang=\"pt\" dir=\"ltr\">Nova edi\u00e7\u00e3o da Revue fran\u00e7aise des sciences de l\u2019information et de la communication, da SFSIC l Dossi\u00ea: Questionando pol\u00edticas p\u00fablicas de educa\u00e7\u00e3o midi\u00e1tica e informacional. <a target=\"_blank\" href=\"https:\/\/twitter.com\/hashtag\/Educa%C3%A7%C3%A3oMidi%C3%A1tica?src=hash&amp;ref_src=twsrc%5Etfw\" rel=\"noopener\">#Educa\u00e7\u00e3oMidi\u00e1tica<\/a> <a target=\"_blank\" href=\"https:\/\/twitter.com\/hashtag\/Coinfo?src=hash&amp;ref_src=twsrc%5Etfw\" rel=\"noopener\">#Coinfo<\/a> <a target=\"_blank\" href=\"https:\/\/twitter.com\/hashtag\/Jornalismo?src=hash&amp;ref_src=twsrc%5Etfw\" rel=\"noopener\">#Jornalismo<\/a> <a target=\"_blank\" href=\"https:\/\/twitter.com\/hashtag\/Pol%C3%ADticasP%C3%BAblicas?src=hash&amp;ref_src=twsrc%5Etfw\" rel=\"noopener\">#Pol\u00edticasP\u00fablicas<\/a> <a target=\"_blank\" href=\"https:\/\/twitter.com\/hashtag\/RevistasCI?src=hash&amp;ref_src=twsrc%5Etfw\" rel=\"noopener\">#RevistasCI<\/a> <a target=\"_blank\" href=\"https:\/\/t.co\/XD4syEbYXW\" rel=\"noopener\">https:\/\/t.co\/XD4syEbYXW<\/a><\/p>\n<p>&mdash; Pedro Andretta (@pedroisandretta) <a target=\"_blank\" href=\"https:\/\/twitter.com\/pedroisandretta\/status\/1406799783973376001?ref_src=twsrc%5Etfw\" rel=\"noopener\">June 21, 2021<\/a><\/p><\/blockquote>\n<p><script async src=\"https:\/\/platform.twitter.com\/widgets.js\" charset=\"utf-8\"><\/script><\/p>\n<p>[ad_2]<br \/>\n<br \/><a href=\"https:\/\/twitter.com\/pedroisandretta\/statuses\/1406799783973376001\">Fonte<\/a> : Projeto <a href=\"https:\/\/www.pedroandretta.info\/informeci\">Informe-CI<\/a><\/p>\n","protected":false},"excerpt":{"rendered":"<p>[ad_1] Nova edi\u00e7\u00e3o da Revue fran\u00e7aise des sciences de l\u2019information et de la communication, da SFSIC l Dossi\u00ea: Questionando pol\u00edticas p\u00fablicas de educa\u00e7\u00e3o midi\u00e1tica e informacional. #Educa\u00e7\u00e3oMidi\u00e1tica #Coinfo #Jornalismo #Pol\u00edticasP\u00fablicas #RevistasCI https:\/\/t.co\/XD4syEbYXW &mdash; Pedro Andretta (@pedroisandretta) June 21, 2021 [ad_2] Fonte : Projeto Informe-CI<\/p>\n","protected":false},"author":1,"featured_media":0,"comment_status":"open","ping_status":"open","sticky":false,"template":"","format":"standard","meta":{"_jetpack_memberships_contains_paid_content":false,"footnotes":"","jetpack_publicize_message":"","jetpack_publicize_feature_enabled":true,"jetpack_social_post_already_shared":true,"jetpack_social_options":{"image_generator_settings":{"template":"highway","default_image_id":0,"font":"","enabled":false},"version":2}},"categories":[21],"tags":[46,426,723,449,196],"class_list":["post-10925","post","type-post","status-publish","format-standard","hentry","category-informeci","tag-coinfo","tag-educacaomidiatica","tag-jornalismo","tag-politicaspublicas","tag-revistasci"],"jetpack_publicize_connections":[],"jetpack_featured_media_url":"","views":"","jetpack_sharing_enabled":true,"_links":{"self":[{"href":"https:\/\/www.pedroandretta.info\/index\/wp-json\/wp\/v2\/posts\/10925","targetHints":{"allow":["GET"]}}],"collection":[{"href":"https:\/\/www.pedroandretta.info\/index\/wp-json\/wp\/v2\/posts"}],"about":[{"href":"https:\/\/www.pedroandretta.info\/index\/wp-json\/wp\/v2\/types\/post"}],"author":[{"embeddable":true,"href":"https:\/\/www.pedroandretta.info\/index\/wp-json\/wp\/v2\/users\/1"}],"replies":[{"embeddable":true,"href":"https:\/\/www.pedroandretta.info\/index\/wp-json\/wp\/v2\/comments?post=10925"}],"version-history":[{"count":0,"href":"https:\/\/www.pedroandretta.info\/index\/wp-json\/wp\/v2\/posts\/10925\/revisions"}],"wp:attachment":[{"href":"https:\/\/www.pedroandretta.info\/index\/wp-json\/wp\/v2\/media?parent=10925"}],"wp:term":[{"taxonomy":"category","embeddable":true,"href":"https:\/\/www.pedroandretta.info\/index\/wp-json\/wp\/v2\/categories?post=10925"},{"taxonomy":"post_tag","embeddable":true,"href":"https:\/\/www.pedroandretta.info\/index\/wp-json\/wp\/v2\/tags?post=10925"}],"curies":[{"name":"wp","href":"https:\/\/api.w.org\/{rel}","templated":true}]}}