{"id":10942,"date":"2021-06-22T14:07:34","date_gmt":"2021-06-22T18:07:34","guid":{"rendered":"https:\/\/www.pedroandretta.info\/index\/?p=10942"},"modified":"2021-06-22T14:07:34","modified_gmt":"2021-06-22T18:07:34","slug":"projetos-para-limitar-discussao-sobre-racismo-nas-escolas-se-multiplicam-nos-eua","status":"publish","type":"post","link":"https:\/\/www.pedroandretta.info\/index\/2021\/06\/projetos-para-limitar-discussao-sobre-racismo-nas-escolas-se-multiplicam-nos-eua\/","title":{"rendered":"Projetos para limitar discuss\u00e3o sobre racismo nas escolas se multiplicam nos EUA&#8230;"},"content":{"rendered":"<p>[ad_1]<br \/>\n<img data-recalc-dims=\"1\" decoding=\"async\" src=\"https:\/\/i0.wp.com\/www.pedroandretta.info\/index\/wp-content\/uploads\/2021\/06\/Projetos-para-limitar-discussao-sobre-racismo-nas-escolas-se-multiplicam.jpg?w=696&#038;ssl=1\"\/><\/p>\n<blockquote class=\"twitter-tweet\">\n<p lang=\"pt\" dir=\"ltr\">Projetos para limitar discuss\u00e3o sobre racismo nas escolas se multiplicam nos EUA l \u201cDos 50 estados americanos, 27 j\u00e1 proibiram ou tentam banir conversas sobre teoria cr\u00edtica da ra\u00e7a em sala de aula\u201d \ud83d\ude44 <a target=\"_blank\" href=\"https:\/\/twitter.com\/hashtag\/Racismo?src=hash&amp;ref_src=twsrc%5Etfw\" rel=\"noopener\">#Racismo<\/a> <a target=\"_blank\" href=\"https:\/\/twitter.com\/hashtag\/Censura?src=hash&amp;ref_src=twsrc%5Etfw\" rel=\"noopener\">#Censura<\/a> <a target=\"_blank\" href=\"https:\/\/twitter.com\/hashtag\/Educa%C3%A7%C3%A3oP%C3%BAblica?src=hash&amp;ref_src=twsrc%5Etfw\" rel=\"noopener\">#Educa\u00e7\u00e3oP\u00fablica<\/a> <a target=\"_blank\" href=\"https:\/\/twitter.com\/hashtag\/EUA?src=hash&amp;ref_src=twsrc%5Etfw\" rel=\"noopener\">#EUA<\/a> via Folha <a target=\"_blank\" href=\"https:\/\/t.co\/YGOsx0XJKt\" rel=\"noopener\">https:\/\/t.co\/YGOsx0XJKt<\/a><\/p>\n<p>&mdash; Pedro Andretta (@pedroisandretta) <a target=\"_blank\" href=\"https:\/\/twitter.com\/pedroisandretta\/status\/1407399879001972737?ref_src=twsrc%5Etfw\" rel=\"noopener\">June 22, 2021<\/a><\/p><\/blockquote>\n<p><script async src=\"https:\/\/platform.twitter.com\/widgets.js\" charset=\"utf-8\"><\/script><\/p>\n<p>[ad_2]<br \/>\n<br \/><a href=\"https:\/\/twitter.com\/pedroisandretta\/statuses\/1407399879001972737\">Fonte<\/a> : Projeto <a href=\"https:\/\/www.pedroandretta.info\/informeci\">Informe-CI<\/a><\/p>\n","protected":false},"excerpt":{"rendered":"<p>[ad_1] Projetos para limitar discuss\u00e3o sobre racismo nas escolas se multiplicam nos EUA l \u201cDos 50 estados americanos, 27 j\u00e1 proibiram ou tentam banir conversas sobre teoria cr\u00edtica da ra\u00e7a em sala de aula\u201d \ud83d\ude44 #Racismo #Censura #Educa\u00e7\u00e3oP\u00fablica #EUA via Folha https:\/\/t.co\/YGOsx0XJKt &mdash; Pedro Andretta (@pedroisandretta) June 22, 2021 [ad_2] Fonte : Projeto Informe-CI<\/p>\n","protected":false},"author":1,"featured_media":10943,"comment_status":"open","ping_status":"open","sticky":false,"template":"","format":"standard","meta":{"_jetpack_memberships_contains_paid_content":false,"footnotes":"","jetpack_publicize_message":"","jetpack_publicize_feature_enabled":true,"jetpack_social_post_already_shared":true,"jetpack_social_options":{"image_generator_settings":{"template":"highway","default_image_id":0,"font":"","enabled":false},"version":2}},"categories":[21],"tags":[168,1558,165,247],"class_list":["post-10942","post","type-post","status-publish","format-standard","has-post-thumbnail","hentry","category-informeci","tag-censura","tag-educacaopublica","tag-eua","tag-racismo"],"jetpack_publicize_connections":[],"jetpack_featured_media_url":"https:\/\/i0.wp.com\/www.pedroandretta.info\/index\/wp-content\/uploads\/2021\/06\/Projetos-para-limitar-discussao-sobre-racismo-nas-escolas-se-multiplicam.jpg?fit=2400%2C1600&ssl=1","views":"","jetpack_sharing_enabled":true,"_links":{"self":[{"href":"https:\/\/www.pedroandretta.info\/index\/wp-json\/wp\/v2\/posts\/10942","targetHints":{"allow":["GET"]}}],"collection":[{"href":"https:\/\/www.pedroandretta.info\/index\/wp-json\/wp\/v2\/posts"}],"about":[{"href":"https:\/\/www.pedroandretta.info\/index\/wp-json\/wp\/v2\/types\/post"}],"author":[{"embeddable":true,"href":"https:\/\/www.pedroandretta.info\/index\/wp-json\/wp\/v2\/users\/1"}],"replies":[{"embeddable":true,"href":"https:\/\/www.pedroandretta.info\/index\/wp-json\/wp\/v2\/comments?post=10942"}],"version-history":[{"count":0,"href":"https:\/\/www.pedroandretta.info\/index\/wp-json\/wp\/v2\/posts\/10942\/revisions"}],"wp:featuredmedia":[{"embeddable":true,"href":"https:\/\/www.pedroandretta.info\/index\/wp-json\/wp\/v2\/media\/10943"}],"wp:attachment":[{"href":"https:\/\/www.pedroandretta.info\/index\/wp-json\/wp\/v2\/media?parent=10942"}],"wp:term":[{"taxonomy":"category","embeddable":true,"href":"https:\/\/www.pedroandretta.info\/index\/wp-json\/wp\/v2\/categories?post=10942"},{"taxonomy":"post_tag","embeddable":true,"href":"https:\/\/www.pedroandretta.info\/index\/wp-json\/wp\/v2\/tags?post=10942"}],"curies":[{"name":"wp","href":"https:\/\/api.w.org\/{rel}","templated":true}]}}