{"id":10949,"date":"2021-06-22T18:30:28","date_gmt":"2021-06-22T22:30:28","guid":{"rendered":"https:\/\/www.pedroandretta.info\/index\/?p=10949"},"modified":"2021-06-22T18:30:28","modified_gmt":"2021-06-22T22:30:28","slug":"a-formacaoprofissional-de-biblioteconomia-para-atuacao-em-bibliotecasescolares","status":"publish","type":"post","link":"https:\/\/www.pedroandretta.info\/index\/2021\/06\/a-formacaoprofissional-de-biblioteconomia-para-atuacao-em-bibliotecasescolares\/","title":{"rendered":"A #Forma\u00e7\u00e3oProfissional de Biblioteconomia para atua\u00e7\u00e3o em #BibliotecasEscolares&#8230;"},"content":{"rendered":"<p>[ad_1]<\/p>\n<blockquote class=\"twitter-tweet\">\n<p lang=\"pt\" dir=\"ltr\">A <a target=\"_blank\" href=\"https:\/\/twitter.com\/hashtag\/Forma%C3%A7%C3%A3oProfissional?src=hash&amp;ref_src=twsrc%5Etfw\" rel=\"noopener\">#Forma\u00e7\u00e3oProfissional<\/a> de Biblioteconomia para atua\u00e7\u00e3o em <a target=\"_blank\" href=\"https:\/\/twitter.com\/hashtag\/BibliotecasEscolares?src=hash&amp;ref_src=twsrc%5Etfw\" rel=\"noopener\">#BibliotecasEscolares<\/a>: retrato das universidades federais brasileiras l \u201c[&#8230;] os curr\u00edculos [&#8230;] de <a target=\"_blank\" href=\"https:\/\/twitter.com\/hashtag\/Biblioteconomia?src=hash&amp;ref_src=twsrc%5Etfw\" rel=\"noopener\">#Biblioteconomia<\/a> est\u00e3o procurando uma aproxima\u00e7\u00e3o desta tipologia de biblioteca [&#8230;]\u201d  <a target=\"_blank\" href=\"https:\/\/t.co\/Izx9b2D8C0\" rel=\"noopener\">https:\/\/t.co\/Izx9b2D8C0<\/a> <a target=\"_blank\" href=\"https:\/\/t.co\/t9ARcTkiAF\" rel=\"noopener\">pic.twitter.com\/t9ARcTkiAF<\/a><\/p>\n<p>&mdash; Pedro Andretta (@pedroisandretta) <a target=\"_blank\" href=\"https:\/\/twitter.com\/pedroisandretta\/status\/1407466043388399616?ref_src=twsrc%5Etfw\" rel=\"noopener\">June 22, 2021<\/a><\/p><\/blockquote>\n<p><script async src=\"https:\/\/platform.twitter.com\/widgets.js\" charset=\"utf-8\"><\/script><\/p>\n<p>[ad_2]<br \/>\n<br \/><a href=\"https:\/\/twitter.com\/pedroisandretta\/statuses\/1407466043388399616\">Fonte<\/a> : Projeto <a href=\"https:\/\/www.pedroandretta.info\/informeci\">Informe-CI<\/a><\/p>\n","protected":false},"excerpt":{"rendered":"<p>[ad_1] A #Forma\u00e7\u00e3oProfissional de Biblioteconomia para atua\u00e7\u00e3o em #BibliotecasEscolares: retrato das universidades federais brasileiras l \u201c[&#8230;] os curr\u00edculos [&#8230;] de #Biblioteconomia est\u00e3o procurando uma aproxima\u00e7\u00e3o desta tipologia de biblioteca [&#8230;]\u201d https:\/\/t.co\/Izx9b2D8C0 pic.twitter.com\/t9ARcTkiAF &mdash; Pedro Andretta (@pedroisandretta) June 22, 2021 [ad_2] Fonte : Projeto Informe-CI<\/p>\n","protected":false},"author":1,"featured_media":10950,"comment_status":"open","ping_status":"open","sticky":false,"template":"","format":"standard","meta":{"_jetpack_memberships_contains_paid_content":false,"footnotes":"","jetpack_publicize_message":"","jetpack_publicize_feature_enabled":true,"jetpack_social_post_already_shared":true,"jetpack_social_options":{"image_generator_settings":{"template":"highway","default_image_id":0,"font":"","enabled":false},"version":2}},"categories":[21],"tags":[79,33,1725],"class_list":["post-10949","post","type-post","status-publish","format-standard","has-post-thumbnail","hentry","category-informeci","tag-bibliotecasescolares","tag-biblioteconomia","tag-formacaoprofissional"],"jetpack_publicize_connections":[],"jetpack_featured_media_url":"https:\/\/i0.wp.com\/www.pedroandretta.info\/index\/wp-content\/uploads\/2021\/06\/A-FormacaoProfissional-de-Biblioteconomia-para-atuacao-em-BibliotecasEscolares.jpg?fit=640%2C1044&ssl=1","views":"","jetpack_sharing_enabled":true,"_links":{"self":[{"href":"https:\/\/www.pedroandretta.info\/index\/wp-json\/wp\/v2\/posts\/10949","targetHints":{"allow":["GET"]}}],"collection":[{"href":"https:\/\/www.pedroandretta.info\/index\/wp-json\/wp\/v2\/posts"}],"about":[{"href":"https:\/\/www.pedroandretta.info\/index\/wp-json\/wp\/v2\/types\/post"}],"author":[{"embeddable":true,"href":"https:\/\/www.pedroandretta.info\/index\/wp-json\/wp\/v2\/users\/1"}],"replies":[{"embeddable":true,"href":"https:\/\/www.pedroandretta.info\/index\/wp-json\/wp\/v2\/comments?post=10949"}],"version-history":[{"count":0,"href":"https:\/\/www.pedroandretta.info\/index\/wp-json\/wp\/v2\/posts\/10949\/revisions"}],"wp:featuredmedia":[{"embeddable":true,"href":"https:\/\/www.pedroandretta.info\/index\/wp-json\/wp\/v2\/media\/10950"}],"wp:attachment":[{"href":"https:\/\/www.pedroandretta.info\/index\/wp-json\/wp\/v2\/media?parent=10949"}],"wp:term":[{"taxonomy":"category","embeddable":true,"href":"https:\/\/www.pedroandretta.info\/index\/wp-json\/wp\/v2\/categories?post=10949"},{"taxonomy":"post_tag","embeddable":true,"href":"https:\/\/www.pedroandretta.info\/index\/wp-json\/wp\/v2\/tags?post=10949"}],"curies":[{"name":"wp","href":"https:\/\/api.w.org\/{rel}","templated":true}]}}