{"id":10951,"date":"2021-06-22T18:25:55","date_gmt":"2021-06-22T22:25:55","guid":{"rendered":"https:\/\/www.pedroandretta.info\/index\/?p=10951"},"modified":"2021-06-22T18:25:55","modified_gmt":"2021-06-22T22:25:55","slug":"producao-cientifica-nacional-de-portugal-em-bibliotecas-publicas-l-compilacao-do","status":"publish","type":"post","link":"https:\/\/www.pedroandretta.info\/index\/2021\/06\/producao-cientifica-nacional-de-portugal-em-bibliotecas-publicas-l-compilacao-do\/","title":{"rendered":"Produ\u00e7\u00e3o Cient\u00edfica Nacional de Portugal em Bibliotecas P\u00fablicas l Compila\u00e7\u00e3o do&#8230;"},"content":{"rendered":"<p>[ad_1]<\/p>\n<blockquote class=\"twitter-tweet\">\n<p lang=\"pt\" dir=\"ltr\">Produ\u00e7\u00e3o Cient\u00edfica Nacional de Portugal em Bibliotecas P\u00fablicas l Compila\u00e7\u00e3o do DGLAB (Direc\u00e7\u00e3o-Geral do Livro, dos \u00a0Arquivos e das Bibliotecas) na \u00e1rea \u00a0da RNBP (Rede Nacional de Bibliotecas P\u00fablicas) sobre <a target=\"_blank\" href=\"https:\/\/twitter.com\/hashtag\/BibliotecasP%C3%BAblicas?src=hash&amp;ref_src=twsrc%5Etfw\" rel=\"noopener\">#BibliotecasP\u00fablicas<\/a> . <a target=\"_blank\" href=\"https:\/\/twitter.com\/hashtag\/Portugal?src=hash&amp;ref_src=twsrc%5Etfw\" rel=\"noopener\">#Portugal<\/a> via DGLAB <a target=\"_blank\" href=\"https:\/\/t.co\/fXhU5dAii3\" rel=\"noopener\">https:\/\/t.co\/fXhU5dAii3<\/a><\/p>\n<p>&mdash; Pedro Andretta (@pedroisandretta) <a target=\"_blank\" href=\"https:\/\/twitter.com\/pedroisandretta\/status\/1407464898213433344?ref_src=twsrc%5Etfw\" rel=\"noopener\">June 22, 2021<\/a><\/p><\/blockquote>\n<p><script async src=\"https:\/\/platform.twitter.com\/widgets.js\" charset=\"utf-8\"><\/script><\/p>\n<p>[ad_2]<br \/>\n<br \/><a href=\"https:\/\/twitter.com\/pedroisandretta\/statuses\/1407464898213433344\">Fonte<\/a> : Projeto <a href=\"https:\/\/www.pedroandretta.info\/informeci\">Informe-CI<\/a><\/p>\n","protected":false},"excerpt":{"rendered":"<p>[ad_1] Produ\u00e7\u00e3o Cient\u00edfica Nacional de Portugal em Bibliotecas P\u00fablicas l Compila\u00e7\u00e3o do DGLAB (Direc\u00e7\u00e3o-Geral do Livro, dos \u00a0Arquivos e das Bibliotecas) na \u00e1rea \u00a0da RNBP (Rede Nacional de Bibliotecas P\u00fablicas) sobre #BibliotecasP\u00fablicas . #Portugal via DGLAB https:\/\/t.co\/fXhU5dAii3 &mdash; Pedro Andretta (@pedroisandretta) June 22, 2021 [ad_2] Fonte : Projeto Informe-CI<\/p>\n","protected":false},"author":1,"featured_media":0,"comment_status":"open","ping_status":"open","sticky":false,"template":"","format":"standard","meta":{"_jetpack_memberships_contains_paid_content":false,"footnotes":"","jetpack_publicize_message":"","jetpack_publicize_feature_enabled":true,"jetpack_social_post_already_shared":true,"jetpack_social_options":{"image_generator_settings":{"template":"highway","default_image_id":0,"font":"","enabled":false},"version":2}},"categories":[21],"tags":[39,294],"class_list":["post-10951","post","type-post","status-publish","format-standard","hentry","category-informeci","tag-bibliotecaspublicas","tag-portugal"],"jetpack_publicize_connections":[],"jetpack_featured_media_url":"","views":"","jetpack_sharing_enabled":true,"_links":{"self":[{"href":"https:\/\/www.pedroandretta.info\/index\/wp-json\/wp\/v2\/posts\/10951","targetHints":{"allow":["GET"]}}],"collection":[{"href":"https:\/\/www.pedroandretta.info\/index\/wp-json\/wp\/v2\/posts"}],"about":[{"href":"https:\/\/www.pedroandretta.info\/index\/wp-json\/wp\/v2\/types\/post"}],"author":[{"embeddable":true,"href":"https:\/\/www.pedroandretta.info\/index\/wp-json\/wp\/v2\/users\/1"}],"replies":[{"embeddable":true,"href":"https:\/\/www.pedroandretta.info\/index\/wp-json\/wp\/v2\/comments?post=10951"}],"version-history":[{"count":0,"href":"https:\/\/www.pedroandretta.info\/index\/wp-json\/wp\/v2\/posts\/10951\/revisions"}],"wp:attachment":[{"href":"https:\/\/www.pedroandretta.info\/index\/wp-json\/wp\/v2\/media?parent=10951"}],"wp:term":[{"taxonomy":"category","embeddable":true,"href":"https:\/\/www.pedroandretta.info\/index\/wp-json\/wp\/v2\/categories?post=10951"},{"taxonomy":"post_tag","embeddable":true,"href":"https:\/\/www.pedroandretta.info\/index\/wp-json\/wp\/v2\/tags?post=10951"}],"curies":[{"name":"wp","href":"https:\/\/api.w.org\/{rel}","templated":true}]}}