{"id":10953,"date":"2021-06-23T15:12:02","date_gmt":"2021-06-23T19:12:02","guid":{"rendered":"https:\/\/www.pedroandretta.info\/index\/?p=10953"},"modified":"2021-06-23T15:12:02","modified_gmt":"2021-06-23T19:12:02","slug":"edital-programa-nacional-de-apoio-a-pesquisa-na-bibliotecanacional-2021-te","status":"publish","type":"post","link":"https:\/\/www.pedroandretta.info\/index\/2021\/06\/edital-programa-nacional-de-apoio-a-pesquisa-na-bibliotecanacional-2021-te\/","title":{"rendered":"Edital &#8211; Programa Nacional de Apoio \u00e0 Pesquisa na #BibliotecaNacional 2021 |  Te&#8230;"},"content":{"rendered":"<p>[ad_1]<\/p>\n<blockquote class=\"twitter-tweet\">\n<p lang=\"pt\" dir=\"ltr\">Edital &#8211; Programa Nacional de Apoio \u00e0 Pesquisa na <a target=\"_blank\" href=\"https:\/\/twitter.com\/hashtag\/BibliotecaNacional?src=hash&amp;ref_src=twsrc%5Etfw\" rel=\"noopener\">#BibliotecaNacional<\/a> 2021 |  Temas como; 1. Mem\u00f3ria e Preserva\u00e7\u00e3o Digital; 2. 200 anos da Independ\u00eancia do Brasil; 3. Livro, leitura e bibliotecas; e 4. Letras Cl\u00e1ssicas, tem \u201cb\u00f4nus\u201d via Biblioteca Nacional <a target=\"_blank\" href=\"https:\/\/t.co\/Bp3lMoT9Vz\" rel=\"noopener\">https:\/\/t.co\/Bp3lMoT9Vz<\/a><\/p>\n<p>&mdash; Pedro Andretta (@pedroisandretta) <a target=\"_blank\" href=\"https:\/\/twitter.com\/pedroisandretta\/status\/1407778492813660160?ref_src=twsrc%5Etfw\" rel=\"noopener\">June 23, 2021<\/a><\/p><\/blockquote>\n<p><script async src=\"https:\/\/platform.twitter.com\/widgets.js\" charset=\"utf-8\"><\/script><\/p>\n<p>[ad_2]<br \/>\n<br \/><a href=\"https:\/\/twitter.com\/pedroisandretta\/statuses\/1407778492813660160\">Fonte<\/a> : Projeto <a href=\"https:\/\/www.pedroandretta.info\/informeci\">Informe-CI<\/a><\/p>\n","protected":false},"excerpt":{"rendered":"<p>[ad_1] Edital &#8211; Programa Nacional de Apoio \u00e0 Pesquisa na #BibliotecaNacional 2021 | Temas como; 1. Mem\u00f3ria e Preserva\u00e7\u00e3o Digital; 2. 200 anos da Independ\u00eancia do Brasil; 3. Livro, leitura e bibliotecas; e 4. Letras Cl\u00e1ssicas, tem \u201cb\u00f4nus\u201d via Biblioteca Nacional https:\/\/t.co\/Bp3lMoT9Vz &mdash; Pedro Andretta (@pedroisandretta) June 23, 2021 [ad_2] Fonte : Projeto Informe-CI<\/p>\n","protected":false},"author":1,"featured_media":0,"comment_status":"open","ping_status":"open","sticky":false,"template":"","format":"standard","meta":{"_jetpack_memberships_contains_paid_content":false,"footnotes":"","jetpack_publicize_message":"","jetpack_publicize_feature_enabled":true,"jetpack_social_post_already_shared":true,"jetpack_social_options":{"image_generator_settings":{"template":"highway","default_image_id":0,"font":"","enabled":false},"version":2}},"categories":[21],"tags":[402],"class_list":["post-10953","post","type-post","status-publish","format-standard","hentry","category-informeci","tag-bibliotecanacional"],"jetpack_publicize_connections":[],"jetpack_featured_media_url":"","views":"","jetpack_sharing_enabled":true,"_links":{"self":[{"href":"https:\/\/www.pedroandretta.info\/index\/wp-json\/wp\/v2\/posts\/10953","targetHints":{"allow":["GET"]}}],"collection":[{"href":"https:\/\/www.pedroandretta.info\/index\/wp-json\/wp\/v2\/posts"}],"about":[{"href":"https:\/\/www.pedroandretta.info\/index\/wp-json\/wp\/v2\/types\/post"}],"author":[{"embeddable":true,"href":"https:\/\/www.pedroandretta.info\/index\/wp-json\/wp\/v2\/users\/1"}],"replies":[{"embeddable":true,"href":"https:\/\/www.pedroandretta.info\/index\/wp-json\/wp\/v2\/comments?post=10953"}],"version-history":[{"count":0,"href":"https:\/\/www.pedroandretta.info\/index\/wp-json\/wp\/v2\/posts\/10953\/revisions"}],"wp:attachment":[{"href":"https:\/\/www.pedroandretta.info\/index\/wp-json\/wp\/v2\/media?parent=10953"}],"wp:term":[{"taxonomy":"category","embeddable":true,"href":"https:\/\/www.pedroandretta.info\/index\/wp-json\/wp\/v2\/categories?post=10953"},{"taxonomy":"post_tag","embeddable":true,"href":"https:\/\/www.pedroandretta.info\/index\/wp-json\/wp\/v2\/tags?post=10953"}],"curies":[{"name":"wp","href":"https:\/\/api.w.org\/{rel}","templated":true}]}}