{"id":10954,"date":"2021-06-23T15:52:00","date_gmt":"2021-06-23T19:52:00","guid":{"rendered":"https:\/\/www.pedroandretta.info\/index\/?p=10954"},"modified":"2021-06-23T15:52:00","modified_gmt":"2021-06-23T19:52:00","slug":"voce-conhece-a-agenda-2030-la-agenda2030-baseia-se-em-5-areas-fundamentais-t","status":"publish","type":"post","link":"https:\/\/www.pedroandretta.info\/index\/2021\/06\/voce-conhece-a-agenda-2030-la-agenda2030-baseia-se-em-5-areas-fundamentais-t\/","title":{"rendered":"Voc\u00ea conhece a Agenda 2030? l&#8221;A #Agenda2030 baseia-se em 5 \u00e1reas fundamentais, t&#8230;"},"content":{"rendered":"<p>[ad_1]<\/p>\n<blockquote class=\"twitter-tweet\">\n<p lang=\"pt\" dir=\"ltr\">Voc\u00ea conhece a Agenda 2030? l&quot;A <a target=\"_blank\" href=\"https:\/\/twitter.com\/hashtag\/Agenda2030?src=hash&amp;ref_src=twsrc%5Etfw\" rel=\"noopener\">#Agenda2030<\/a> baseia-se em 5 \u00e1reas fundamentais, tamb\u00e9m conhecidas como os 5Ps: pessoas, planeta, prosperidade, paz e participa\u00e7\u00e3o coletiva.&quot; Veja como voc\u00ea pode ajudar do &quot;sof\u00e1&quot;, de casa, fora de casa e trabalho via InfoCom <a target=\"_blank\" href=\"https:\/\/t.co\/j3pkOCvrJg\" rel=\"noopener\">https:\/\/t.co\/j3pkOCvrJg<\/a><\/p>\n<p>&mdash; Pedro Andretta (@pedroisandretta) <a target=\"_blank\" href=\"https:\/\/twitter.com\/pedroisandretta\/status\/1407788549265629185?ref_src=twsrc%5Etfw\" rel=\"noopener\">June 23, 2021<\/a><\/p><\/blockquote>\n<p><script async src=\"https:\/\/platform.twitter.com\/widgets.js\" charset=\"utf-8\"><\/script><\/p>\n<p>[ad_2]<br \/>\n<br \/><a href=\"https:\/\/twitter.com\/pedroisandretta\/statuses\/1407788549265629185\">Fonte<\/a> : Projeto <a href=\"https:\/\/www.pedroandretta.info\/informeci\">Informe-CI<\/a><\/p>\n","protected":false},"excerpt":{"rendered":"<p>[ad_1] Voc\u00ea conhece a Agenda 2030? l&quot;A #Agenda2030 baseia-se em 5 \u00e1reas fundamentais, tamb\u00e9m conhecidas como os 5Ps: pessoas, planeta, prosperidade, paz e participa\u00e7\u00e3o coletiva.&quot; Veja como voc\u00ea pode ajudar do &quot;sof\u00e1&quot;, de casa, fora de casa e trabalho via InfoCom https:\/\/t.co\/j3pkOCvrJg &mdash; Pedro Andretta (@pedroisandretta) June 23, 2021 [ad_2] Fonte : Projeto Informe-CI<\/p>\n","protected":false},"author":1,"featured_media":0,"comment_status":"open","ping_status":"open","sticky":false,"template":"","format":"standard","meta":{"_jetpack_memberships_contains_paid_content":false,"footnotes":"","jetpack_publicize_message":"","jetpack_publicize_feature_enabled":true,"jetpack_social_post_already_shared":true,"jetpack_social_options":{"image_generator_settings":{"template":"highway","default_image_id":0,"font":"","enabled":false},"version":2}},"categories":[21],"tags":[638],"class_list":["post-10954","post","type-post","status-publish","format-standard","hentry","category-informeci","tag-agenda2030"],"jetpack_publicize_connections":[],"jetpack_featured_media_url":"","views":"","jetpack_sharing_enabled":true,"_links":{"self":[{"href":"https:\/\/www.pedroandretta.info\/index\/wp-json\/wp\/v2\/posts\/10954","targetHints":{"allow":["GET"]}}],"collection":[{"href":"https:\/\/www.pedroandretta.info\/index\/wp-json\/wp\/v2\/posts"}],"about":[{"href":"https:\/\/www.pedroandretta.info\/index\/wp-json\/wp\/v2\/types\/post"}],"author":[{"embeddable":true,"href":"https:\/\/www.pedroandretta.info\/index\/wp-json\/wp\/v2\/users\/1"}],"replies":[{"embeddable":true,"href":"https:\/\/www.pedroandretta.info\/index\/wp-json\/wp\/v2\/comments?post=10954"}],"version-history":[{"count":0,"href":"https:\/\/www.pedroandretta.info\/index\/wp-json\/wp\/v2\/posts\/10954\/revisions"}],"wp:attachment":[{"href":"https:\/\/www.pedroandretta.info\/index\/wp-json\/wp\/v2\/media?parent=10954"}],"wp:term":[{"taxonomy":"category","embeddable":true,"href":"https:\/\/www.pedroandretta.info\/index\/wp-json\/wp\/v2\/categories?post=10954"},{"taxonomy":"post_tag","embeddable":true,"href":"https:\/\/www.pedroandretta.info\/index\/wp-json\/wp\/v2\/tags?post=10954"}],"curies":[{"name":"wp","href":"https:\/\/api.w.org\/{rel}","templated":true}]}}