{"id":10969,"date":"2021-06-24T13:11:29","date_gmt":"2021-06-24T17:11:29","guid":{"rendered":"https:\/\/www.pedroandretta.info\/index\/?p=10969"},"modified":"2021-06-24T13:11:29","modified_gmt":"2021-06-24T17:11:29","slug":"museu-da-republica-e-ponto-de-vacinacao-contra-a-covid-19-ate-setembro-l","status":"publish","type":"post","link":"https:\/\/www.pedroandretta.info\/index\/2021\/06\/museu-da-republica-e-ponto-de-vacinacao-contra-a-covid-19-ate-setembro-l\/","title":{"rendered":"Museu da Rep\u00fablica \u00e9 ponto de vacina\u00e7\u00e3o contra a Covid 19 at\u00e9 setembro l \u201c[&#8230;] &#8230;"},"content":{"rendered":"<p>[ad_1]<\/p>\n<blockquote class=\"twitter-tweet\">\n<p lang=\"pt\" dir=\"ltr\">Museu da Rep\u00fablica \u00e9 ponto de vacina\u00e7\u00e3o contra a Covid 19 at\u00e9 setembro l \u201c[&#8230;] o posto recebe, em m\u00e9dia, mil pessoas diariamente, dando ao museu um importante papel social no enfrentamento da pandemia.\u201d <a target=\"_blank\" href=\"https:\/\/twitter.com\/hashtag\/MuseuDaRep%C3%BAblica?src=hash&amp;ref_src=twsrc%5Etfw\" rel=\"noopener\">#MuseuDaRep\u00fablica<\/a>  <a target=\"_blank\" href=\"https:\/\/twitter.com\/hashtag\/Vacina%C3%A7%C3%A3o?src=hash&amp;ref_src=twsrc%5Etfw\" rel=\"noopener\">#Vacina\u00e7\u00e3o<\/a> via Ibram <a target=\"_blank\" href=\"https:\/\/t.co\/0P8vnPxP4U\" rel=\"noopener\">https:\/\/t.co\/0P8vnPxP4U<\/a><\/p>\n<p>&mdash; Pedro Andretta (@pedroisandretta) <a target=\"_blank\" href=\"https:\/\/twitter.com\/pedroisandretta\/status\/1408110544406646785?ref_src=twsrc%5Etfw\" rel=\"noopener\">June 24, 2021<\/a><\/p><\/blockquote>\n<p><script async src=\"https:\/\/platform.twitter.com\/widgets.js\" charset=\"utf-8\"><\/script><\/p>\n<p>[ad_2]<br \/>\n<br \/><a href=\"https:\/\/twitter.com\/pedroisandretta\/statuses\/1408110544406646785\">Fonte<\/a> : Projeto <a href=\"https:\/\/www.pedroandretta.info\/informeci\">Informe-CI<\/a><\/p>\n","protected":false},"excerpt":{"rendered":"<p>[ad_1] Museu da Rep\u00fablica \u00e9 ponto de vacina\u00e7\u00e3o contra a Covid 19 at\u00e9 setembro l \u201c[&#8230;] o posto recebe, em m\u00e9dia, mil pessoas diariamente, dando ao museu um importante papel social no enfrentamento da pandemia.\u201d #MuseuDaRep\u00fablica #Vacina\u00e7\u00e3o via Ibram https:\/\/t.co\/0P8vnPxP4U &mdash; Pedro Andretta (@pedroisandretta) June 24, 2021 [ad_2] Fonte : Projeto Informe-CI<\/p>\n","protected":false},"author":1,"featured_media":0,"comment_status":"open","ping_status":"open","sticky":false,"template":"","format":"standard","meta":{"_jetpack_memberships_contains_paid_content":false,"footnotes":"","jetpack_publicize_message":"","jetpack_publicize_feature_enabled":true,"jetpack_social_post_already_shared":true,"jetpack_social_options":{"image_generator_settings":{"template":"highway","default_image_id":0,"font":"","enabled":false},"version":2}},"categories":[21],"tags":[1825,1512],"class_list":["post-10969","post","type-post","status-publish","format-standard","hentry","category-informeci","tag-museudarepublica","tag-vacinacao"],"jetpack_publicize_connections":[],"jetpack_featured_media_url":"","views":"","jetpack_sharing_enabled":true,"_links":{"self":[{"href":"https:\/\/www.pedroandretta.info\/index\/wp-json\/wp\/v2\/posts\/10969","targetHints":{"allow":["GET"]}}],"collection":[{"href":"https:\/\/www.pedroandretta.info\/index\/wp-json\/wp\/v2\/posts"}],"about":[{"href":"https:\/\/www.pedroandretta.info\/index\/wp-json\/wp\/v2\/types\/post"}],"author":[{"embeddable":true,"href":"https:\/\/www.pedroandretta.info\/index\/wp-json\/wp\/v2\/users\/1"}],"replies":[{"embeddable":true,"href":"https:\/\/www.pedroandretta.info\/index\/wp-json\/wp\/v2\/comments?post=10969"}],"version-history":[{"count":0,"href":"https:\/\/www.pedroandretta.info\/index\/wp-json\/wp\/v2\/posts\/10969\/revisions"}],"wp:attachment":[{"href":"https:\/\/www.pedroandretta.info\/index\/wp-json\/wp\/v2\/media?parent=10969"}],"wp:term":[{"taxonomy":"category","embeddable":true,"href":"https:\/\/www.pedroandretta.info\/index\/wp-json\/wp\/v2\/categories?post=10969"},{"taxonomy":"post_tag","embeddable":true,"href":"https:\/\/www.pedroandretta.info\/index\/wp-json\/wp\/v2\/tags?post=10969"}],"curies":[{"name":"wp","href":"https:\/\/api.w.org\/{rel}","templated":true}]}}