{"id":10977,"date":"2021-06-25T00:50:02","date_gmt":"2021-06-25T04:50:02","guid":{"rendered":"https:\/\/www.pedroandretta.info\/index\/?p=10977"},"modified":"2021-06-25T00:50:02","modified_gmt":"2021-06-25T04:50:02","slug":"bibliotecas-como-organizacoes-para-a-inovacao-social-l-as-bibliotecas-sao","status":"publish","type":"post","link":"https:\/\/www.pedroandretta.info\/index\/2021\/06\/bibliotecas-como-organizacoes-para-a-inovacao-social-l-as-bibliotecas-sao\/","title":{"rendered":"Bibliotecas como organiza\u00e7\u00f5es para a inova\u00e7\u00e3o social l\u201c[&#8230;] as bibliotecas s\u00e3o &#8230;"},"content":{"rendered":"<p>[ad_1]<\/p>\n<blockquote class=\"twitter-tweet\">\n<p lang=\"pt\" dir=\"ltr\">Bibliotecas como organiza\u00e7\u00f5es para a inova\u00e7\u00e3o social l\u201c[&#8230;] as bibliotecas s\u00e3o organiza\u00e7\u00f5es que se ajustam tanto \u00e0 cultura de inova\u00e7\u00e3o quanto \u00e0 inova\u00e7\u00e3o social propriamente dita\u201d <a target=\"_blank\" href=\"https:\/\/twitter.com\/hashtag\/Inova%C3%A7%C3%A3oSocial?src=hash&amp;ref_src=twsrc%5Etfw\" rel=\"noopener\">#Inova\u00e7\u00e3oSocial<\/a> <a target=\"_blank\" href=\"https:\/\/twitter.com\/hashtag\/Pol%C3%ADticasP%C3%BAblicas?src=hash&amp;ref_src=twsrc%5Etfw\" rel=\"noopener\">#Pol\u00edticasP\u00fablicas<\/a>  <a target=\"_blank\" href=\"https:\/\/twitter.com\/hashtag\/Pol%C3%ADticasP%C3%BAblicasEmLeitura?src=hash&amp;ref_src=twsrc%5Etfw\" rel=\"noopener\">#Pol\u00edticasP\u00fablicasEmLeitura<\/a> <a target=\"_blank\" href=\"https:\/\/twitter.com\/hashtag\/Bibliotecas?src=hash&amp;ref_src=twsrc%5Etfw\" rel=\"noopener\">#Bibliotecas<\/a> <a target=\"_blank\" href=\"https:\/\/t.co\/Bv6oJrc3eu\" rel=\"noopener\">https:\/\/t.co\/Bv6oJrc3eu<\/a> <a target=\"_blank\" href=\"https:\/\/t.co\/sTi2GjQboL\" rel=\"noopener\">pic.twitter.com\/sTi2GjQboL<\/a><\/p>\n<p>&mdash; Pedro Andretta (@pedroisandretta) <a target=\"_blank\" href=\"https:\/\/twitter.com\/pedroisandretta\/status\/1408286337422266369?ref_src=twsrc%5Etfw\" rel=\"noopener\">June 25, 2021<\/a><\/p><\/blockquote>\n<p><script async src=\"https:\/\/platform.twitter.com\/widgets.js\" charset=\"utf-8\"><\/script><\/p>\n<p>[ad_2]<br \/>\n<br \/><a href=\"https:\/\/twitter.com\/pedroisandretta\/statuses\/1408286337422266369\">Fonte<\/a> : Projeto <a href=\"https:\/\/www.pedroandretta.info\/informeci\">Informe-CI<\/a><\/p>\n","protected":false},"excerpt":{"rendered":"<p>[ad_1] Bibliotecas como organiza\u00e7\u00f5es para a inova\u00e7\u00e3o social l\u201c[&#8230;] as bibliotecas s\u00e3o organiza\u00e7\u00f5es que se ajustam tanto \u00e0 cultura de inova\u00e7\u00e3o quanto \u00e0 inova\u00e7\u00e3o social propriamente dita\u201d #Inova\u00e7\u00e3oSocial #Pol\u00edticasP\u00fablicas #Pol\u00edticasP\u00fablicasEmLeitura #Bibliotecas https:\/\/t.co\/Bv6oJrc3eu pic.twitter.com\/sTi2GjQboL &mdash; Pedro Andretta (@pedroisandretta) June 25, 2021 [ad_2] Fonte : Projeto Informe-CI<\/p>\n","protected":false},"author":1,"featured_media":10978,"comment_status":"open","ping_status":"open","sticky":false,"template":"","format":"standard","meta":{"_jetpack_memberships_contains_paid_content":false,"footnotes":"","jetpack_publicize_message":"","jetpack_publicize_feature_enabled":true,"jetpack_social_post_already_shared":true,"jetpack_social_options":{"image_generator_settings":{"template":"highway","default_image_id":0,"font":"","enabled":false},"version":2}},"categories":[21],"tags":[38,2335,449,2336],"class_list":["post-10977","post","type-post","status-publish","format-standard","has-post-thumbnail","hentry","category-informeci","tag-bibliotecas","tag-inovacaosocial","tag-politicaspublicas","tag-politicaspublicasemleitura"],"jetpack_publicize_connections":[],"jetpack_featured_media_url":"https:\/\/i0.wp.com\/www.pedroandretta.info\/index\/wp-content\/uploads\/2021\/06\/Bibliotecas-como-organizacoes-para-a-inovacao-social-l-as-bibliotecas.jpg?fit=562%2C900&ssl=1","views":"","jetpack_sharing_enabled":true,"_links":{"self":[{"href":"https:\/\/www.pedroandretta.info\/index\/wp-json\/wp\/v2\/posts\/10977","targetHints":{"allow":["GET"]}}],"collection":[{"href":"https:\/\/www.pedroandretta.info\/index\/wp-json\/wp\/v2\/posts"}],"about":[{"href":"https:\/\/www.pedroandretta.info\/index\/wp-json\/wp\/v2\/types\/post"}],"author":[{"embeddable":true,"href":"https:\/\/www.pedroandretta.info\/index\/wp-json\/wp\/v2\/users\/1"}],"replies":[{"embeddable":true,"href":"https:\/\/www.pedroandretta.info\/index\/wp-json\/wp\/v2\/comments?post=10977"}],"version-history":[{"count":0,"href":"https:\/\/www.pedroandretta.info\/index\/wp-json\/wp\/v2\/posts\/10977\/revisions"}],"wp:featuredmedia":[{"embeddable":true,"href":"https:\/\/www.pedroandretta.info\/index\/wp-json\/wp\/v2\/media\/10978"}],"wp:attachment":[{"href":"https:\/\/www.pedroandretta.info\/index\/wp-json\/wp\/v2\/media?parent=10977"}],"wp:term":[{"taxonomy":"category","embeddable":true,"href":"https:\/\/www.pedroandretta.info\/index\/wp-json\/wp\/v2\/categories?post=10977"},{"taxonomy":"post_tag","embeddable":true,"href":"https:\/\/www.pedroandretta.info\/index\/wp-json\/wp\/v2\/tags?post=10977"}],"curies":[{"name":"wp","href":"https:\/\/api.w.org\/{rel}","templated":true}]}}