{"id":10984,"date":"2021-06-25T13:11:41","date_gmt":"2021-06-25T17:11:41","guid":{"rendered":"https:\/\/www.pedroandretta.info\/index\/?p=10984"},"modified":"2021-06-25T13:11:41","modified_gmt":"2021-06-25T17:11:41","slug":"dados-da-5a-edicao-do-retratos-da-leitura-no-brasil-5l-para-baixar-os-resultad","status":"publish","type":"post","link":"https:\/\/www.pedroandretta.info\/index\/2021\/06\/dados-da-5a-edicao-do-retratos-da-leitura-no-brasil-5l-para-baixar-os-resultad\/","title":{"rendered":"Dados da 5\u00aa edi\u00e7\u00e3o do \u201cRetratos da Leitura no Brasil 5\u201dl Para baixar os resultad&#8230;"},"content":{"rendered":"<p>[ad_1]<\/p>\n<blockquote class=\"twitter-tweet\">\n<p lang=\"pt\" dir=\"ltr\">Dados da 5\u00aa edi\u00e7\u00e3o do \u201cRetratos da Leitura no Brasil 5\u201dl Para baixar os resultados \u00e9 preciso fazer um breve cadastro. No link \u00e9 poss\u00edvel acessar o mapa de leitura por capitais brasileiras. <a target=\"_blank\" href=\"https:\/\/twitter.com\/hashtag\/RetratosDaLeitura?src=hash&amp;ref_src=twsrc%5Etfw\" rel=\"noopener\">#RetratosDaLeitura<\/a> via Instituto Pr\u00f3-Livro <a target=\"_blank\" href=\"https:\/\/t.co\/egpd3AgXDx\" rel=\"noopener\">https:\/\/t.co\/egpd3AgXDx<\/a><\/p>\n<p>&mdash; Pedro Andretta (@pedroisandretta) <a target=\"_blank\" href=\"https:\/\/twitter.com\/pedroisandretta\/status\/1408472978958991366?ref_src=twsrc%5Etfw\" rel=\"noopener\">June 25, 2021<\/a><\/p><\/blockquote>\n<p><script async src=\"https:\/\/platform.twitter.com\/widgets.js\" charset=\"utf-8\"><\/script><\/p>\n<p>[ad_2]<br \/>\n<br \/><a href=\"https:\/\/twitter.com\/pedroisandretta\/statuses\/1408472978958991366\">Fonte<\/a> : Projeto <a href=\"https:\/\/www.pedroandretta.info\/informeci\">Informe-CI<\/a><\/p>\n","protected":false},"excerpt":{"rendered":"<p>[ad_1] Dados da 5\u00aa edi\u00e7\u00e3o do \u201cRetratos da Leitura no Brasil 5\u201dl Para baixar os resultados \u00e9 preciso fazer um breve cadastro. No link \u00e9 poss\u00edvel acessar o mapa de leitura por capitais brasileiras. #RetratosDaLeitura via Instituto Pr\u00f3-Livro https:\/\/t.co\/egpd3AgXDx &mdash; Pedro Andretta (@pedroisandretta) June 25, 2021 [ad_2] Fonte : Projeto Informe-CI<\/p>\n","protected":false},"author":1,"featured_media":0,"comment_status":"open","ping_status":"open","sticky":false,"template":"","format":"standard","meta":{"_jetpack_memberships_contains_paid_content":false,"footnotes":"","jetpack_publicize_message":"","jetpack_publicize_feature_enabled":true,"jetpack_social_post_already_shared":true,"jetpack_social_options":{"image_generator_settings":{"template":"highway","default_image_id":0,"font":"","enabled":false},"version":2}},"categories":[21],"tags":[1348],"class_list":["post-10984","post","type-post","status-publish","format-standard","hentry","category-informeci","tag-retratosdaleitura"],"jetpack_publicize_connections":[],"jetpack_featured_media_url":"","views":"","jetpack_sharing_enabled":true,"_links":{"self":[{"href":"https:\/\/www.pedroandretta.info\/index\/wp-json\/wp\/v2\/posts\/10984","targetHints":{"allow":["GET"]}}],"collection":[{"href":"https:\/\/www.pedroandretta.info\/index\/wp-json\/wp\/v2\/posts"}],"about":[{"href":"https:\/\/www.pedroandretta.info\/index\/wp-json\/wp\/v2\/types\/post"}],"author":[{"embeddable":true,"href":"https:\/\/www.pedroandretta.info\/index\/wp-json\/wp\/v2\/users\/1"}],"replies":[{"embeddable":true,"href":"https:\/\/www.pedroandretta.info\/index\/wp-json\/wp\/v2\/comments?post=10984"}],"version-history":[{"count":0,"href":"https:\/\/www.pedroandretta.info\/index\/wp-json\/wp\/v2\/posts\/10984\/revisions"}],"wp:attachment":[{"href":"https:\/\/www.pedroandretta.info\/index\/wp-json\/wp\/v2\/media?parent=10984"}],"wp:term":[{"taxonomy":"category","embeddable":true,"href":"https:\/\/www.pedroandretta.info\/index\/wp-json\/wp\/v2\/categories?post=10984"},{"taxonomy":"post_tag","embeddable":true,"href":"https:\/\/www.pedroandretta.info\/index\/wp-json\/wp\/v2\/tags?post=10984"}],"curies":[{"name":"wp","href":"https:\/\/api.w.org\/{rel}","templated":true}]}}