{"id":10988,"date":"2021-06-25T17:59:21","date_gmt":"2021-06-25T21:59:21","guid":{"rendered":"https:\/\/www.pedroandretta.info\/index\/?p=10988"},"modified":"2021-06-25T17:59:21","modified_gmt":"2021-06-25T21:59:21","slug":"o-silencio-dos-livros-censurados-pela-ditadura-militar-las-editoras-civiliza","status":"publish","type":"post","link":"https:\/\/www.pedroandretta.info\/index\/2021\/06\/o-silencio-dos-livros-censurados-pela-ditadura-militar-las-editoras-civiliza\/","title":{"rendered":"O Sil\u00eancio dos Livros Censurados pela Ditadura Militar&#8230; l\u201cAs editoras Civiliza&#8230;"},"content":{"rendered":"<p>[ad_1]<\/p>\n<blockquote class=\"twitter-tweet\">\n<p lang=\"pt\" dir=\"ltr\">O Sil\u00eancio dos Livros Censurados pela Ditadura Militar&#8230; l\u201cAs editoras Civiliza\u00e7\u00e3o Brasileira, Paz e Terra e Zahar Editores sofreram com persegui\u00e7\u00f5es do governo, j\u00e1 que eram de oposi\u00e7\u00e3o \u00e0 <a target=\"_blank\" href=\"https:\/\/twitter.com\/hashtag\/ditadura?src=hash&amp;ref_src=twsrc%5Etfw\" rel=\"noopener\">#ditadura<\/a> e produziam livros para a Universidade.\u201d <a target=\"_blank\" href=\"https:\/\/twitter.com\/hashtag\/Censura?src=hash&amp;ref_src=twsrc%5Etfw\" rel=\"noopener\">#Censura<\/a> <a target=\"_blank\" href=\"https:\/\/twitter.com\/hashtag\/Livros?src=hash&amp;ref_src=twsrc%5Etfw\" rel=\"noopener\">#Livros<\/a> <a target=\"_blank\" href=\"https:\/\/t.co\/BvBGbipdq5\" rel=\"noopener\">https:\/\/t.co\/BvBGbipdq5<\/a> <a target=\"_blank\" href=\"https:\/\/t.co\/osoG3Pvi8O\" rel=\"noopener\">pic.twitter.com\/osoG3Pvi8O<\/a><\/p>\n<p>&mdash; Pedro Andretta (@pedroisandretta) <a target=\"_blank\" href=\"https:\/\/twitter.com\/pedroisandretta\/status\/1408545374781030409?ref_src=twsrc%5Etfw\" rel=\"noopener\">June 25, 2021<\/a><\/p><\/blockquote>\n<p><script async src=\"https:\/\/platform.twitter.com\/widgets.js\" charset=\"utf-8\"><\/script><\/p>\n<p>[ad_2]<br \/>\n<br \/><a href=\"https:\/\/twitter.com\/pedroisandretta\/statuses\/1408545374781030409\">Fonte<\/a> : Projeto <a href=\"https:\/\/www.pedroandretta.info\/informeci\">Informe-CI<\/a><\/p>\n","protected":false},"excerpt":{"rendered":"<p>[ad_1] O Sil\u00eancio dos Livros Censurados pela Ditadura Militar&#8230; l\u201cAs editoras Civiliza\u00e7\u00e3o Brasileira, Paz e Terra e Zahar Editores sofreram com persegui\u00e7\u00f5es do governo, j\u00e1 que eram de oposi\u00e7\u00e3o \u00e0 #ditadura e produziam livros para a Universidade.\u201d #Censura #Livros https:\/\/t.co\/BvBGbipdq5 pic.twitter.com\/osoG3Pvi8O &mdash; Pedro Andretta (@pedroisandretta) June 25, 2021 [ad_2] Fonte : Projeto Informe-CI<\/p>\n","protected":false},"author":1,"featured_media":10989,"comment_status":"open","ping_status":"open","sticky":false,"template":"","format":"standard","meta":{"_jetpack_newsletter_access":"","_jetpack_dont_email_post_to_subs":false,"_jetpack_newsletter_tier_id":0,"_jetpack_memberships_contains_paywalled_content":false,"_jetpack_feature_clip_id":0,"_jetpack_memberships_contains_paid_content":false,"footnotes":"","jetpack_publicize_message":"","jetpack_publicize_feature_enabled":true,"jetpack_social_post_already_shared":true,"jetpack_social_options":{"image_generator_settings":{"template":"highway","default_image_id":0,"font":"","enabled":false},"version":2},"jetpack_post_was_ever_published":false},"categories":[21],"tags":[168,1611,63],"class_list":["post-10988","post","type-post","status-publish","format-standard","has-post-thumbnail","hentry","category-informeci","tag-censura","tag-ditadura","tag-livros"],"jetpack_publicize_connections":[],"jetpack_featured_media_url":"https:\/\/i0.wp.com\/www.pedroandretta.info\/index\/wp-content\/uploads\/2021\/06\/O-Silencio-dos-Livros-Censurados-pela-Ditadura-Militar-lAs-editoras.jpg?fit=502%2C904&ssl=1","views":"","jetpack_sharing_enabled":true,"_links":{"self":[{"href":"https:\/\/www.pedroandretta.info\/index\/wp-json\/wp\/v2\/posts\/10988","targetHints":{"allow":["GET"]}}],"collection":[{"href":"https:\/\/www.pedroandretta.info\/index\/wp-json\/wp\/v2\/posts"}],"about":[{"href":"https:\/\/www.pedroandretta.info\/index\/wp-json\/wp\/v2\/types\/post"}],"author":[{"embeddable":true,"href":"https:\/\/www.pedroandretta.info\/index\/wp-json\/wp\/v2\/users\/1"}],"replies":[{"embeddable":true,"href":"https:\/\/www.pedroandretta.info\/index\/wp-json\/wp\/v2\/comments?post=10988"}],"version-history":[{"count":0,"href":"https:\/\/www.pedroandretta.info\/index\/wp-json\/wp\/v2\/posts\/10988\/revisions"}],"wp:featuredmedia":[{"embeddable":true,"href":"https:\/\/www.pedroandretta.info\/index\/wp-json\/wp\/v2\/media\/10989"}],"wp:attachment":[{"href":"https:\/\/www.pedroandretta.info\/index\/wp-json\/wp\/v2\/media?parent=10988"}],"wp:term":[{"taxonomy":"category","embeddable":true,"href":"https:\/\/www.pedroandretta.info\/index\/wp-json\/wp\/v2\/categories?post=10988"},{"taxonomy":"post_tag","embeddable":true,"href":"https:\/\/www.pedroandretta.info\/index\/wp-json\/wp\/v2\/tags?post=10988"}],"curies":[{"name":"wp","href":"https:\/\/api.w.org\/{rel}","templated":true}]}}