{"id":11012,"date":"2021-06-28T00:05:39","date_gmt":"2021-06-28T04:05:39","guid":{"rendered":"https:\/\/www.pedroandretta.info\/index\/?p=11012"},"modified":"2021-06-28T00:05:39","modified_gmt":"2021-06-28T04:05:39","slug":"marcos-regulatorios-para-as-bibliotecas-publicas-no-brasil-l-relata-os-principa","status":"publish","type":"post","link":"https:\/\/www.pedroandretta.info\/index\/2021\/06\/marcos-regulatorios-para-as-bibliotecas-publicas-no-brasil-l-relata-os-principa\/","title":{"rendered":"Marcos regulat\u00f3rios para as Bibliotecas P\u00fablicas no Brasil l \u201cRelata os principa&#8230;"},"content":{"rendered":"<p>[ad_1]<\/p>\n<blockquote class=\"twitter-tweet\">\n<p lang=\"pt\" dir=\"ltr\">Marcos regulat\u00f3rios para as Bibliotecas P\u00fablicas no Brasil l \u201cRelata os principais programas do governo federal no tocante as bibliotecas p\u00fablicas brasileiras.\u201d <a target=\"_blank\" href=\"https:\/\/twitter.com\/hashtag\/Pol%C3%ADticasP%C3%BAblicas?src=hash&amp;ref_src=twsrc%5Etfw\" rel=\"noopener\">#Pol\u00edticasP\u00fablicas<\/a> <a target=\"_blank\" href=\"https:\/\/twitter.com\/hashtag\/Pol%C3%ADticasCulturais?src=hash&amp;ref_src=twsrc%5Etfw\" rel=\"noopener\">#Pol\u00edticasCulturais<\/a> <a target=\"_blank\" href=\"https:\/\/twitter.com\/hashtag\/BibliotecasP%C3%BAblicas?src=hash&amp;ref_src=twsrc%5Etfw\" rel=\"noopener\">#BibliotecasP\u00fablicas<\/a> <a target=\"_blank\" href=\"https:\/\/twitter.com\/hashtag\/Legisla%C3%A7%C3%A3o?src=hash&amp;ref_src=twsrc%5Etfw\" rel=\"noopener\">#Legisla\u00e7\u00e3o<\/a> <a target=\"_blank\" href=\"https:\/\/twitter.com\/hashtag\/MarcosLegais?src=hash&amp;ref_src=twsrc%5Etfw\" rel=\"noopener\">#MarcosLegais<\/a> <a target=\"_blank\" href=\"https:\/\/t.co\/j425PCFoRW\" rel=\"noopener\">https:\/\/t.co\/j425PCFoRW<\/a> <a target=\"_blank\" href=\"https:\/\/t.co\/W5g0Jq6EPa\" rel=\"noopener\">pic.twitter.com\/W5g0Jq6EPa<\/a><\/p>\n<p>&mdash; Pedro Andretta (@pedroisandretta) <a target=\"_blank\" href=\"https:\/\/twitter.com\/pedroisandretta\/status\/1409362332141207555?ref_src=twsrc%5Etfw\" rel=\"noopener\">June 28, 2021<\/a><\/p><\/blockquote>\n<p><script async src=\"https:\/\/platform.twitter.com\/widgets.js\" charset=\"utf-8\"><\/script><\/p>\n<p>[ad_2]<br \/>\n<br \/><a href=\"https:\/\/twitter.com\/pedroisandretta\/statuses\/1409362332141207555\">Fonte<\/a> : Projeto <a href=\"https:\/\/www.pedroandretta.info\/informeci\">Informe-CI<\/a><\/p>\n","protected":false},"excerpt":{"rendered":"<p>[ad_1] Marcos regulat\u00f3rios para as Bibliotecas P\u00fablicas no Brasil l \u201cRelata os principais programas do governo federal no tocante as bibliotecas p\u00fablicas brasileiras.\u201d #Pol\u00edticasP\u00fablicas #Pol\u00edticasCulturais #BibliotecasP\u00fablicas #Legisla\u00e7\u00e3o #MarcosLegais https:\/\/t.co\/j425PCFoRW pic.twitter.com\/W5g0Jq6EPa &mdash; Pedro Andretta (@pedroisandretta) June 28, 2021 [ad_2] Fonte : Projeto Informe-CI<\/p>\n","protected":false},"author":1,"featured_media":11013,"comment_status":"open","ping_status":"open","sticky":false,"template":"","format":"standard","meta":{"_jetpack_newsletter_access":"","_jetpack_dont_email_post_to_subs":false,"_jetpack_newsletter_tier_id":0,"_jetpack_memberships_contains_paywalled_content":false,"_jetpack_feature_clip_id":0,"_jetpack_memberships_contains_paid_content":false,"footnotes":"","jetpack_publicize_message":"","jetpack_publicize_feature_enabled":true,"jetpack_social_post_already_shared":true,"jetpack_social_options":{"image_generator_settings":{"template":"highway","default_image_id":0,"font":"","enabled":false},"version":2},"jetpack_post_was_ever_published":false},"categories":[21],"tags":[39,1067,2353,2352,449],"class_list":["post-11012","post","type-post","status-publish","format-standard","has-post-thumbnail","hentry","category-informeci","tag-bibliotecaspublicas","tag-legislacao","tag-marcoslegais","tag-politicasculturais","tag-politicaspublicas"],"jetpack_publicize_connections":[],"jetpack_featured_media_url":"https:\/\/i0.wp.com\/www.pedroandretta.info\/index\/wp-content\/uploads\/2021\/06\/Marcos-regulatorios-para-as-Bibliotecas-Publicas-no-Brasil-l-Relata.jpg?fit=640%2C939&ssl=1","views":"","jetpack_sharing_enabled":true,"_links":{"self":[{"href":"https:\/\/www.pedroandretta.info\/index\/wp-json\/wp\/v2\/posts\/11012","targetHints":{"allow":["GET"]}}],"collection":[{"href":"https:\/\/www.pedroandretta.info\/index\/wp-json\/wp\/v2\/posts"}],"about":[{"href":"https:\/\/www.pedroandretta.info\/index\/wp-json\/wp\/v2\/types\/post"}],"author":[{"embeddable":true,"href":"https:\/\/www.pedroandretta.info\/index\/wp-json\/wp\/v2\/users\/1"}],"replies":[{"embeddable":true,"href":"https:\/\/www.pedroandretta.info\/index\/wp-json\/wp\/v2\/comments?post=11012"}],"version-history":[{"count":0,"href":"https:\/\/www.pedroandretta.info\/index\/wp-json\/wp\/v2\/posts\/11012\/revisions"}],"wp:featuredmedia":[{"embeddable":true,"href":"https:\/\/www.pedroandretta.info\/index\/wp-json\/wp\/v2\/media\/11013"}],"wp:attachment":[{"href":"https:\/\/www.pedroandretta.info\/index\/wp-json\/wp\/v2\/media?parent=11012"}],"wp:term":[{"taxonomy":"category","embeddable":true,"href":"https:\/\/www.pedroandretta.info\/index\/wp-json\/wp\/v2\/categories?post=11012"},{"taxonomy":"post_tag","embeddable":true,"href":"https:\/\/www.pedroandretta.info\/index\/wp-json\/wp\/v2\/tags?post=11012"}],"curies":[{"name":"wp","href":"https:\/\/api.w.org\/{rel}","templated":true}]}}