{"id":11040,"date":"2021-06-29T17:48:04","date_gmt":"2021-06-29T21:48:04","guid":{"rendered":"https:\/\/www.pedroandretta.info\/index\/?p=11040"},"modified":"2021-06-29T17:48:04","modified_gmt":"2021-06-29T21:48:04","slug":"esperanca-e-harmonia-o-presidente-obama-fecha-o-ala-annual-l-teremos-trab","status":"publish","type":"post","link":"https:\/\/www.pedroandretta.info\/index\/2021\/06\/esperanca-e-harmonia-o-presidente-obama-fecha-o-ala-annual-l-teremos-trab\/","title":{"rendered":"Esperan\u00e7a e harmonia: O presidente #Obama fecha o #ALA Annual&#8230; l \u201cTeremos trab&#8230;"},"content":{"rendered":"<p>[ad_1]<\/p>\n<blockquote class=\"twitter-tweet\">\n<p lang=\"pt\" dir=\"ltr\">Esperan\u00e7a e harmonia: O presidente <a target=\"_blank\" href=\"https:\/\/twitter.com\/hashtag\/Obama?src=hash&amp;ref_src=twsrc%5Etfw\" rel=\"noopener\">#Obama<\/a> fecha o <a target=\"_blank\" href=\"https:\/\/twitter.com\/hashtag\/ALA?src=hash&amp;ref_src=twsrc%5Etfw\" rel=\"noopener\">#ALA<\/a> Annual&#8230; l \u201cTeremos trabalho a fazer para reconstruir essa hist\u00f3ria unificadora da Am\u00e9rica. Mas se aprendi algo durante minha presid\u00eancia, foi o poder das hist\u00f3rias\u201d \ud83c\uddfa\ud83c\uddf8 via American Libraries Magazine <a target=\"_blank\" href=\"https:\/\/t.co\/BDZmpHmoSC\" rel=\"noopener\">https:\/\/t.co\/BDZmpHmoSC<\/a><\/p>\n<p>&mdash; Pedro Andretta (@pedroisandretta) <a target=\"_blank\" href=\"https:\/\/twitter.com\/pedroisandretta\/status\/1409992086657634308?ref_src=twsrc%5Etfw\" rel=\"noopener\">June 29, 2021<\/a><\/p><\/blockquote>\n<p><script async src=\"https:\/\/platform.twitter.com\/widgets.js\" charset=\"utf-8\"><\/script><\/p>\n<p>[ad_2]<br \/>\n<br \/><a href=\"https:\/\/twitter.com\/pedroisandretta\/statuses\/1409992086657634308\">Fonte<\/a> : Projeto <a href=\"https:\/\/www.pedroandretta.info\/informeci\">Informe-CI<\/a><\/p>\n","protected":false},"excerpt":{"rendered":"<p>[ad_1] Esperan\u00e7a e harmonia: O presidente #Obama fecha o #ALA Annual&#8230; l \u201cTeremos trabalho a fazer para reconstruir essa hist\u00f3ria unificadora da Am\u00e9rica. Mas se aprendi algo durante minha presid\u00eancia, foi o poder das hist\u00f3rias\u201d \ud83c\uddfa\ud83c\uddf8 via American Libraries Magazine https:\/\/t.co\/BDZmpHmoSC &mdash; Pedro Andretta (@pedroisandretta) June 29, 2021 [ad_2] Fonte : Projeto Informe-CI<\/p>\n","protected":false},"author":1,"featured_media":0,"comment_status":"open","ping_status":"open","sticky":false,"template":"","format":"standard","meta":{"_jetpack_memberships_contains_paid_content":false,"footnotes":"","jetpack_publicize_message":"","jetpack_publicize_feature_enabled":true,"jetpack_social_post_already_shared":true,"jetpack_social_options":{"image_generator_settings":{"template":"highway","default_image_id":0,"font":"","enabled":false},"version":2}},"categories":[21],"tags":[712,2359],"class_list":["post-11040","post","type-post","status-publish","format-standard","hentry","category-informeci","tag-ala","tag-obama"],"jetpack_publicize_connections":[],"jetpack_featured_media_url":"","views":"","jetpack_sharing_enabled":true,"_links":{"self":[{"href":"https:\/\/www.pedroandretta.info\/index\/wp-json\/wp\/v2\/posts\/11040","targetHints":{"allow":["GET"]}}],"collection":[{"href":"https:\/\/www.pedroandretta.info\/index\/wp-json\/wp\/v2\/posts"}],"about":[{"href":"https:\/\/www.pedroandretta.info\/index\/wp-json\/wp\/v2\/types\/post"}],"author":[{"embeddable":true,"href":"https:\/\/www.pedroandretta.info\/index\/wp-json\/wp\/v2\/users\/1"}],"replies":[{"embeddable":true,"href":"https:\/\/www.pedroandretta.info\/index\/wp-json\/wp\/v2\/comments?post=11040"}],"version-history":[{"count":0,"href":"https:\/\/www.pedroandretta.info\/index\/wp-json\/wp\/v2\/posts\/11040\/revisions"}],"wp:attachment":[{"href":"https:\/\/www.pedroandretta.info\/index\/wp-json\/wp\/v2\/media?parent=11040"}],"wp:term":[{"taxonomy":"category","embeddable":true,"href":"https:\/\/www.pedroandretta.info\/index\/wp-json\/wp\/v2\/categories?post=11040"},{"taxonomy":"post_tag","embeddable":true,"href":"https:\/\/www.pedroandretta.info\/index\/wp-json\/wp\/v2\/tags?post=11040"}],"curies":[{"name":"wp","href":"https:\/\/api.w.org\/{rel}","templated":true}]}}