{"id":11043,"date":"2021-06-30T03:12:41","date_gmt":"2021-06-30T07:12:41","guid":{"rendered":"https:\/\/www.pedroandretta.info\/index\/?p=11043"},"modified":"2021-06-30T03:12:41","modified_gmt":"2021-06-30T07:12:41","slug":"a-springer-nature-introduz-a-politica-de-mudanca-de-nome-trans-l-como-parte-da","status":"publish","type":"post","link":"https:\/\/www.pedroandretta.info\/index\/2021\/06\/a-springer-nature-introduz-a-politica-de-mudanca-de-nome-trans-l-como-parte-da\/","title":{"rendered":"A Springer #Nature introduz a pol\u00edtica de mudan\u00e7a de nome trans l &#8220;Como parte da&#8230;"},"content":{"rendered":"<p>[ad_1]<\/p>\n<blockquote class=\"twitter-tweet\">\n<p lang=\"pt\" dir=\"ltr\">A Springer <a target=\"_blank\" href=\"https:\/\/twitter.com\/hashtag\/Nature?src=hash&amp;ref_src=twsrc%5Etfw\" rel=\"noopener\">#Nature<\/a> introduz a pol\u00edtica de mudan\u00e7a de nome trans l &quot;Como parte da pol\u00edtica, as informa\u00e7\u00f5es biogr\u00e1ficas, incluindo pronomes e fotografias, ser\u00e3o corrigidas quando necess\u00e1rio para refletir a mudan\u00e7a.\u201d <a target=\"_blank\" href=\"https:\/\/twitter.com\/hashtag\/LGBTQIA?src=hash&amp;ref_src=twsrc%5Etfw\" rel=\"noopener\">#LGBTQIA<\/a>+ \ud83c\uddfa\ud83c\uddf8 Library Technology Guides via <a target=\"_blank\" href=\"https:\/\/t.co\/4YwaMtVSAJ\" rel=\"noopener\">https:\/\/t.co\/4YwaMtVSAJ<\/a><\/p>\n<p>&mdash; Pedro Andretta (@pedroisandretta) <a target=\"_blank\" href=\"https:\/\/twitter.com\/pedroisandretta\/status\/1410134175785574401?ref_src=twsrc%5Etfw\" rel=\"noopener\">June 30, 2021<\/a><\/p><\/blockquote>\n<p><script async src=\"https:\/\/platform.twitter.com\/widgets.js\" charset=\"utf-8\"><\/script><\/p>\n<p>[ad_2]<br \/>\n<br \/><a href=\"https:\/\/twitter.com\/pedroisandretta\/statuses\/1410134175785574401\">Fonte<\/a> : Projeto <a href=\"https:\/\/www.pedroandretta.info\/informeci\">Informe-CI<\/a><\/p>\n","protected":false},"excerpt":{"rendered":"<p>[ad_1] A Springer #Nature introduz a pol\u00edtica de mudan\u00e7a de nome trans l &quot;Como parte da pol\u00edtica, as informa\u00e7\u00f5es biogr\u00e1ficas, incluindo pronomes e fotografias, ser\u00e3o corrigidas quando necess\u00e1rio para refletir a mudan\u00e7a.\u201d #LGBTQIA+ \ud83c\uddfa\ud83c\uddf8 Library Technology Guides via https:\/\/t.co\/4YwaMtVSAJ &mdash; Pedro Andretta (@pedroisandretta) June 30, 2021 [ad_2] Fonte : Projeto Informe-CI<\/p>\n","protected":false},"author":1,"featured_media":0,"comment_status":"open","ping_status":"open","sticky":false,"template":"","format":"standard","meta":{"_jetpack_memberships_contains_paid_content":false,"footnotes":"","jetpack_publicize_message":"","jetpack_publicize_feature_enabled":true,"jetpack_social_post_already_shared":true,"jetpack_social_options":{"image_generator_settings":{"template":"highway","default_image_id":0,"font":"","enabled":false},"version":2}},"categories":[21],"tags":[3508,2360],"class_list":["post-11043","post","type-post","status-publish","format-standard","hentry","category-informeci","tag-lgbtqiap","tag-nature"],"jetpack_publicize_connections":[],"jetpack_featured_media_url":"","views":"","jetpack_sharing_enabled":true,"_links":{"self":[{"href":"https:\/\/www.pedroandretta.info\/index\/wp-json\/wp\/v2\/posts\/11043","targetHints":{"allow":["GET"]}}],"collection":[{"href":"https:\/\/www.pedroandretta.info\/index\/wp-json\/wp\/v2\/posts"}],"about":[{"href":"https:\/\/www.pedroandretta.info\/index\/wp-json\/wp\/v2\/types\/post"}],"author":[{"embeddable":true,"href":"https:\/\/www.pedroandretta.info\/index\/wp-json\/wp\/v2\/users\/1"}],"replies":[{"embeddable":true,"href":"https:\/\/www.pedroandretta.info\/index\/wp-json\/wp\/v2\/comments?post=11043"}],"version-history":[{"count":0,"href":"https:\/\/www.pedroandretta.info\/index\/wp-json\/wp\/v2\/posts\/11043\/revisions"}],"wp:attachment":[{"href":"https:\/\/www.pedroandretta.info\/index\/wp-json\/wp\/v2\/media?parent=11043"}],"wp:term":[{"taxonomy":"category","embeddable":true,"href":"https:\/\/www.pedroandretta.info\/index\/wp-json\/wp\/v2\/categories?post=11043"},{"taxonomy":"post_tag","embeddable":true,"href":"https:\/\/www.pedroandretta.info\/index\/wp-json\/wp\/v2\/tags?post=11043"}],"curies":[{"name":"wp","href":"https:\/\/api.w.org\/{rel}","templated":true}]}}