{"id":11048,"date":"2021-06-30T14:55:47","date_gmt":"2021-06-30T18:55:47","guid":{"rendered":"https:\/\/www.pedroandretta.info\/index\/?p=11048"},"modified":"2021-06-30T14:55:47","modified_gmt":"2021-06-30T18:55:47","slug":"enciclopedia-de-antropologia-l-a-enciclopedia-de-antropologia-e-composta-por-v","status":"publish","type":"post","link":"https:\/\/www.pedroandretta.info\/index\/2021\/06\/enciclopedia-de-antropologia-l-a-enciclopedia-de-antropologia-e-composta-por-v\/","title":{"rendered":"Enciclop\u00e9dia de Antropologia l &#8220;A Enciclop\u00e9dia de #Antropologia \u00e9 composta por v&#8230;"},"content":{"rendered":"<p>[ad_1]<\/p>\n<blockquote class=\"twitter-tweet\">\n<p lang=\"pt\" dir=\"ltr\">Enciclop\u00e9dia de Antropologia l &quot;A Enciclop\u00e9dia de <a target=\"_blank\" href=\"https:\/\/twitter.com\/hashtag\/Antropologia?src=hash&amp;ref_src=twsrc%5Etfw\" rel=\"noopener\">#Antropologia<\/a> \u00e9 composta por verbetes, assinados, ordenados alfabeticamente, e que se encontram classificados em autor, obra, conceito, correntes, subcampos e institui\u00e7\u00f5es&quot;. <a target=\"_blank\" href=\"https:\/\/twitter.com\/hashtag\/Enciclop%C3%A9dia?src=hash&amp;ref_src=twsrc%5Etfw\" rel=\"noopener\">#Enciclop\u00e9dia<\/a> via FFLCH\/USP <a target=\"_blank\" href=\"https:\/\/t.co\/vzNsZZFp5F\" rel=\"noopener\">https:\/\/t.co\/vzNsZZFp5F<\/a><\/p>\n<p>&mdash; Pedro Andretta (@pedroisandretta) <a target=\"_blank\" href=\"https:\/\/twitter.com\/pedroisandretta\/status\/1410311119982542856?ref_src=twsrc%5Etfw\" rel=\"noopener\">June 30, 2021<\/a><\/p><\/blockquote>\n<p><script async src=\"https:\/\/platform.twitter.com\/widgets.js\" charset=\"utf-8\"><\/script><\/p>\n<p>[ad_2]<br \/>\n<br \/><a href=\"https:\/\/twitter.com\/pedroisandretta\/statuses\/1410311119982542856\">Fonte<\/a> : Projeto <a href=\"https:\/\/www.pedroandretta.info\/informeci\">Informe-CI<\/a><\/p>\n","protected":false},"excerpt":{"rendered":"<p>[ad_1] Enciclop\u00e9dia de Antropologia l &quot;A Enciclop\u00e9dia de #Antropologia \u00e9 composta por verbetes, assinados, ordenados alfabeticamente, e que se encontram classificados em autor, obra, conceito, correntes, subcampos e institui\u00e7\u00f5es&quot;. #Enciclop\u00e9dia via FFLCH\/USP https:\/\/t.co\/vzNsZZFp5F &mdash; Pedro Andretta (@pedroisandretta) June 30, 2021 [ad_2] Fonte : Projeto Informe-CI<\/p>\n","protected":false},"author":1,"featured_media":0,"comment_status":"open","ping_status":"open","sticky":false,"template":"","format":"standard","meta":{"_jetpack_newsletter_access":"","_jetpack_dont_email_post_to_subs":false,"_jetpack_newsletter_tier_id":0,"_jetpack_memberships_contains_paywalled_content":false,"_jetpack_feature_clip_id":0,"_jetpack_memberships_contains_paid_content":false,"footnotes":"","jetpack_publicize_message":"","jetpack_publicize_feature_enabled":true,"jetpack_social_post_already_shared":true,"jetpack_social_options":{"image_generator_settings":{"template":"highway","default_image_id":0,"font":"","enabled":false},"version":2},"jetpack_post_was_ever_published":false},"categories":[21],"tags":[1221,138],"class_list":["post-11048","post","type-post","status-publish","format-standard","hentry","category-informeci","tag-antropologia","tag-enciclopedias"],"jetpack_publicize_connections":[],"jetpack_featured_media_url":"","views":"","jetpack_sharing_enabled":true,"_links":{"self":[{"href":"https:\/\/www.pedroandretta.info\/index\/wp-json\/wp\/v2\/posts\/11048","targetHints":{"allow":["GET"]}}],"collection":[{"href":"https:\/\/www.pedroandretta.info\/index\/wp-json\/wp\/v2\/posts"}],"about":[{"href":"https:\/\/www.pedroandretta.info\/index\/wp-json\/wp\/v2\/types\/post"}],"author":[{"embeddable":true,"href":"https:\/\/www.pedroandretta.info\/index\/wp-json\/wp\/v2\/users\/1"}],"replies":[{"embeddable":true,"href":"https:\/\/www.pedroandretta.info\/index\/wp-json\/wp\/v2\/comments?post=11048"}],"version-history":[{"count":0,"href":"https:\/\/www.pedroandretta.info\/index\/wp-json\/wp\/v2\/posts\/11048\/revisions"}],"wp:attachment":[{"href":"https:\/\/www.pedroandretta.info\/index\/wp-json\/wp\/v2\/media?parent=11048"}],"wp:term":[{"taxonomy":"category","embeddable":true,"href":"https:\/\/www.pedroandretta.info\/index\/wp-json\/wp\/v2\/categories?post=11048"},{"taxonomy":"post_tag","embeddable":true,"href":"https:\/\/www.pedroandretta.info\/index\/wp-json\/wp\/v2\/tags?post=11048"}],"curies":[{"name":"wp","href":"https:\/\/api.w.org\/{rel}","templated":true}]}}