{"id":11086,"date":"2021-07-03T16:49:53","date_gmt":"2021-07-03T20:49:53","guid":{"rendered":"https:\/\/www.pedroandretta.info\/index\/?p=11086"},"modified":"2021-07-03T16:49:53","modified_gmt":"2021-07-03T20:49:53","slug":"novas-bibliotecas-em-edificios-antigos-reutilizacao-criativa-l-este-livro-enfo","status":"publish","type":"post","link":"https:\/\/www.pedroandretta.info\/index\/2021\/07\/novas-bibliotecas-em-edificios-antigos-reutilizacao-criativa-l-este-livro-enfo\/","title":{"rendered":"Novas bibliotecas em edif\u00edcios antigos: reutiliza\u00e7\u00e3o criativa l &#8220;Este livro enfo&#8230;"},"content":{"rendered":"<p>[ad_1]<\/p>\n<blockquote class=\"twitter-tweet\">\n<p lang=\"pt\" dir=\"ltr\">Novas bibliotecas em edif\u00edcios antigos: reutiliza\u00e7\u00e3o criativa l &quot;Este livro enfoca as dificuldades e oportunidades na revitaliza\u00e7\u00e3o de edif\u00edcios antigos, abandonados ou abandonados em uma biblioteca [&#8230;]&quot;  <a target=\"_blank\" href=\"https:\/\/twitter.com\/hashtag\/Arquitetura?src=hash&amp;ref_src=twsrc%5Etfw\" rel=\"noopener\">#Arquitetura<\/a> <a target=\"_blank\" href=\"https:\/\/twitter.com\/hashtag\/Bibliotecas?src=hash&amp;ref_src=twsrc%5Etfw\" rel=\"noopener\">#Bibliotecas<\/a> <a target=\"_blank\" href=\"https:\/\/twitter.com\/hashtag\/LivrosCI?src=hash&amp;ref_src=twsrc%5Etfw\" rel=\"noopener\">#LivrosCI<\/a> via IFLA <a target=\"_blank\" href=\"https:\/\/t.co\/DSKUfECFBH\" rel=\"noopener\">https:\/\/t.co\/DSKUfECFBH<\/a><\/p>\n<p>&mdash; Pedro Andretta (@pedroisandretta) <a target=\"_blank\" href=\"https:\/\/twitter.com\/pedroisandretta\/status\/1411426995599196162?ref_src=twsrc%5Etfw\" rel=\"noopener\">July 3, 2021<\/a><\/p><\/blockquote>\n<p><script async src=\"https:\/\/platform.twitter.com\/widgets.js\" charset=\"utf-8\"><\/script><\/p>\n<p>[ad_2]<br \/>\n<br \/><a href=\"https:\/\/twitter.com\/pedroisandretta\/statuses\/1411426995599196162\">Fonte<\/a> : Projeto <a href=\"https:\/\/www.pedroandretta.info\/informeci\">Informe-CI<\/a><\/p>\n","protected":false},"excerpt":{"rendered":"<p>[ad_1] Novas bibliotecas em edif\u00edcios antigos: reutiliza\u00e7\u00e3o criativa l &quot;Este livro enfoca as dificuldades e oportunidades na revitaliza\u00e7\u00e3o de edif\u00edcios antigos, abandonados ou abandonados em uma biblioteca [&#8230;]&quot; #Arquitetura #Bibliotecas #LivrosCI via IFLA https:\/\/t.co\/DSKUfECFBH &mdash; Pedro Andretta (@pedroisandretta) July 3, 2021 [ad_2] Fonte : Projeto Informe-CI<\/p>\n","protected":false},"author":1,"featured_media":0,"comment_status":"open","ping_status":"open","sticky":false,"template":"","format":"standard","meta":{"_jetpack_memberships_contains_paid_content":false,"footnotes":"","jetpack_publicize_message":"","jetpack_publicize_feature_enabled":true,"jetpack_social_post_already_shared":true,"jetpack_social_options":{"image_generator_settings":{"template":"highway","default_image_id":0,"font":"","enabled":false},"version":2}},"categories":[21],"tags":[1247,38,1733],"class_list":["post-11086","post","type-post","status-publish","format-standard","hentry","category-informeci","tag-arquitetura","tag-bibliotecas","tag-livrosci"],"jetpack_publicize_connections":[],"jetpack_featured_media_url":"","views":"","jetpack_sharing_enabled":true,"_links":{"self":[{"href":"https:\/\/www.pedroandretta.info\/index\/wp-json\/wp\/v2\/posts\/11086","targetHints":{"allow":["GET"]}}],"collection":[{"href":"https:\/\/www.pedroandretta.info\/index\/wp-json\/wp\/v2\/posts"}],"about":[{"href":"https:\/\/www.pedroandretta.info\/index\/wp-json\/wp\/v2\/types\/post"}],"author":[{"embeddable":true,"href":"https:\/\/www.pedroandretta.info\/index\/wp-json\/wp\/v2\/users\/1"}],"replies":[{"embeddable":true,"href":"https:\/\/www.pedroandretta.info\/index\/wp-json\/wp\/v2\/comments?post=11086"}],"version-history":[{"count":0,"href":"https:\/\/www.pedroandretta.info\/index\/wp-json\/wp\/v2\/posts\/11086\/revisions"}],"wp:attachment":[{"href":"https:\/\/www.pedroandretta.info\/index\/wp-json\/wp\/v2\/media?parent=11086"}],"wp:term":[{"taxonomy":"category","embeddable":true,"href":"https:\/\/www.pedroandretta.info\/index\/wp-json\/wp\/v2\/categories?post=11086"},{"taxonomy":"post_tag","embeddable":true,"href":"https:\/\/www.pedroandretta.info\/index\/wp-json\/wp\/v2\/tags?post=11086"}],"curies":[{"name":"wp","href":"https:\/\/api.w.org\/{rel}","templated":true}]}}